{"id":1472,"date":"2015-03-26T19:24:39","date_gmt":"2015-03-26T18:24:39","guid":{"rendered":"http:\/\/www.bandasanfilep.com.mt\/?p=1472"},"modified":"2025-07-19T17:23:18","modified_gmt":"2025-07-19T17:23:18","slug":"ftuh-tal-wirja-tal-gimgha-mqaddsa","status":"publish","type":"post","link":"https:\/\/bandasanfilep.com.mt\/index.php\/2015\/03\/26\/ftuh-tal-wirja-tal-gimgha-mqaddsa\/","title":{"rendered":"Ftu\u0127 tal-Wirja tal-\u0120img\u0127a Mqaddsa"},"content":{"rendered":"<p><a href=\"http:\/\/www.bandasanfilep.com.mt\/wp-content\/uploads\/2015\/03\/IMG_4430.jpg\"><img loading=\"lazy\" decoding=\"async\" class=\"aligncenter size-medium wp-image-1473\" src=\"http:\/\/www.bandasanfilep.com.mt\/wp-content\/uploads\/2015\/03\/IMG_4430-300x200.jpg\" alt=\"IMG_4430\" width=\"300\" height=\"200\" \/><\/a><\/p>\n<p style=\"text-align: justify;\">In-Nunzju Apostoliku L-E\u010b\u010bellenza Tieg\u0127u Aldo Cavalli feta\u0127 il-wirja Tal-\u0120img\u0127a Mqaddsa fil-Kazin Banda San Filep nhar il-Erbg\u0127a 25 ta\u2019 Marzu 2015. Qabel il-ftu\u0127 uffi\u010bjali kien hemm programm li fih \u0127adu sehem il-Banda ta\u017c-\u017bg\u0127a\u017cag\u0127 fi \u0127dan il-Banda San Filep, sar diskors im\u0127ejji minn Dr Joeph F. Grima fuq il-pur\u010bissjonijiet tal-\u0120img\u0127a l-Kbira f\u2019Malta, Jessica Micallef qrat il-poe\u017cija \u2018Mater Dolorosa\u2019 ta\u2019 Ru\u017car Briffa u ntwera feature fuq il-pur\u010bissjoni tal-\u0120img\u0127a l-Kbira f\u2019\u0126a\u017c-\u017bebbu\u0121 fl-1928.<\/p>\n<p style=\"text-align: justify;\">Il-wirja fiha sitt taqsimiet b&#8217;ti\u017cwiqa ta\u2019 xog\u0127olijiet artisti\u010bi ppresentati b\u2019effetti vi\u017civi u akkumpanjati minn kummentarji informattivi u mtellg\u0127in b\u2019mod professjonali fuq disinn ta\u2019 Alfred Camlleri Cauchi li \u0127adem ukoll it-tletin statwa kbira (Lifesize) f\u2019dawn il-wirjiet. Il-wirja qeg\u0127da f\u2019bini wie\u0127ed u hija mqassma hekk:<\/p>\n<ol style=\"text-align: justify;\">\n<li><strong>I\u010b-\u010aenaklu <\/strong><em>(ambjentata f\u2019kantina antika)<\/em><\/li>\n<li><strong>Il-Kru\u010bifissjoni<\/strong><em> (f&#8217;sala kbira fis-sular ta&#8217; fuq)<\/em><\/li>\n<li><strong>Id-Difna <em>(<\/em><\/strong><em>ambjentata f\u2019xelter ta\u0127t l-art)<\/em><em>\u00a0<\/em><\/li>\n<\/ol>\n<p style=\"text-align: justify;\"><em>L-istatwi kbar (lifesize) f\u2019dawn it-tlett taqsimiet huma xog\u0127ol il-Kav. Alfred Camilleri Cauchi.<\/em><\/p>\n<ol style=\"text-align: justify;\" start=\"4\">\n<li><strong>Sett ta\u2019 vari<\/strong> <strong>\u017cg\u0127ar <\/strong><em>(ma\u0127duma minn l-a\u0127wa Joseph u Anthony Magri)<\/em><\/li>\n<li><strong>Sett ta\u2019 xeni mill-Via Crucis<\/strong> <em>(alto-riljevi ma\u0127duma mill-artist Antomio Mifsud)<\/em><\/li>\n<li><strong>Il-Qawmien<\/strong> (awdjo-vi\u017civa)<\/li>\n<\/ol>\n<p style=\"text-align: justify;\">Il-wirja tkun miftu\u0127a g\u0127all-pubbliku mill-\u0126amis 26 sal-\u0120img\u0127a 3 t\u2019April 2015, mis-17.30 sat-20.30, imma nhar \u0126amis ix-Xirka u l-\u0120img\u0127a l-Kbira tifta\u0127 ukoll mill-10.00 sa 12.00 u filg\u0127axija tibqa\u2019 miftu\u0127a sal-22.00.<\/p>\n<p style=\"text-align: right;\">Kitba ta&#8217; Philip Balzan \u00a9<\/p>\n","protected":false},"excerpt":{"rendered":"<p>In-Nunzju Apostoliku L-E\u010b\u010bellenza Tieg\u0127u Aldo Cavalli feta\u0127 il-wirja Tal-\u0120img\u0127a Mqaddsa fil-Kazin Banda San Filep nhar il-Erbg\u0127a 25 ta\u2019 Marzu 2015. Qabel il-ftu\u0127 uffi\u010bjali kien hemm programm li fih \u0127adu sehem il-Banda ta\u017c-\u017bg\u0127a\u017cag\u0127 fi \u0127dan il-Banda San Filep, sar diskors im\u0127ejji minn Dr Joeph F. Grima fuq il-pur\u010bissjonijiet tal-\u0120img\u0127a l-Kbira f\u2019Malta, Jessica Micallef qrat il-poe\u017cija \u2018Mater [&hellip;]<\/p>\n","protected":false},"author":1,"featured_media":1473,"comment_status":"closed","ping_status":"closed","sticky":false,"template":"single-templates\/single-sidebar-featuredImg-none copy.php","format":"standard","meta":{"footnotes":""},"categories":[5,6],"tags":[],"class_list":["post-1472","post","type-post","status-publish","format-standard","has-post-thumbnail","hentry","category-programmi-specjali-attivitajiet","category-promozzjoni"],"_links":{"self":[{"href":"https:\/\/bandasanfilep.com.mt\/index.php\/wp-json\/wp\/v2\/posts\/1472","targetHints":{"allow":["GET"]}}],"collection":[{"href":"https:\/\/bandasanfilep.com.mt\/index.php\/wp-json\/wp\/v2\/posts"}],"about":[{"href":"https:\/\/bandasanfilep.com.mt\/index.php\/wp-json\/wp\/v2\/types\/post"}],"author":[{"embeddable":true,"href":"https:\/\/bandasanfilep.com.mt\/index.php\/wp-json\/wp\/v2\/users\/1"}],"replies":[{"embeddable":true,"href":"https:\/\/bandasanfilep.com.mt\/index.php\/wp-json\/wp\/v2\/comments?post=1472"}],"version-history":[{"count":1,"href":"https:\/\/bandasanfilep.com.mt\/index.php\/wp-json\/wp\/v2\/posts\/1472\/revisions"}],"predecessor-version":[{"id":6115,"href":"https:\/\/bandasanfilep.com.mt\/index.php\/wp-json\/wp\/v2\/posts\/1472\/revisions\/6115"}],"wp:featuredmedia":[{"embeddable":true,"href":"https:\/\/bandasanfilep.com.mt\/index.php\/wp-json\/"}],"wp:attachment":[{"href":"https:\/\/bandasanfilep.com.mt\/index.php\/wp-json\/wp\/v2\/media?parent=1472"}],"wp:term":[{"taxonomy":"category","embeddable":true,"href":"https:\/\/bandasanfilep.com.mt\/index.php\/wp-json\/wp\/v2\/categories?post=1472"},{"taxonomy":"post_tag","embeddable":true,"href":"https:\/\/bandasanfilep.com.mt\/index.php\/wp-json\/wp\/v2\/tags?post=1472"}],"curies":[{"name":"wp","href":"https:\/\/api.w.org\/{rel}","templated":true}]}}