{"id":2802,"date":"2018-01-16T21:32:53","date_gmt":"2018-01-16T20:32:53","guid":{"rendered":"http:\/\/www.bandasanfilep.com.mt\/?p=2802"},"modified":"2025-07-19T17:23:05","modified_gmt":"2025-07-19T17:23:05","slug":"elezzjoni-ta-kumitat-generali-tal-ghaqda-kazin-banda-san-filep-ghall-perjodu-frar-2018-jannar-2020","status":"publish","type":"post","link":"https:\/\/bandasanfilep.com.mt\/index.php\/2018\/01\/16\/elezzjoni-ta-kumitat-generali-tal-ghaqda-kazin-banda-san-filep-ghall-perjodu-frar-2018-jannar-2020\/","title":{"rendered":"Elezzjoni ta\u2019 Kumitat \u0120enerali tal-G\u0127aqda Ka\u017cin Banda San Filep  g\u0127all-perjodu Frar 2018 \u2013 Jannar 2020"},"content":{"rendered":"<p>Konformi mal-artiklu 5.2.3 tal-Istatut, sa nhar il-\u0120img\u0127a 19 ta\u2019 Jannar 2018 qed jintlaqg\u0127u in-nominazzjonijiet g\u0127all-\u0127atra tat-tlett uffi\u010bjali e\u017cekuttivi tal-kumitat il-\u0121did, ji\u0121ifieri g\u0127all-President, \u00a0Segretarju \u00a0u \u00a0Kaxxier.<\/p>\n<p>Dawn huma karigi li j\u0121orru l-akbar responsabbilta fi \u0127dan il-ka\u017cin u g\u0127alhekk l-istatut jitlob li l-g\u0127a\u017cla tag\u0127om issir l-ewwel u separatament mill-bqijja tal-kumitat. Aktar dettalji jinsabu fin-notice board tal-ka\u017cin.<\/p>\n<p>Wara li jin\u0127atru dawn l-uffi\u010bjali, jinfet\u0127u l-applikazzjonijiet g\u0127all-\u0127atra tal-kumplament tal-membri tal-kumitat \u0121enerali. Meta jkun il-waqt jitqieg\u0127ed avvi\u017c fin-notice board tal-ka\u017cin, \u0121img\u0127a qabel ma jag\u0127laq il-perjodu g\u0127al dawn l-applikazzjonijiet. Jekk ma jkunx hemm \u0127tie\u0121a ta\u2019 elezzjoni, l-applikazzjonijiet g\u0127all-membri tal-kumitat ikunu miftu\u0127a mid-19 sas-26\u00a0 ta\u2019 Jannar 2018.<\/p>\n<p>Il-Kummissjoni Elettorali<\/p>\n","protected":false},"excerpt":{"rendered":"<p>Konformi mal-artiklu 5.2.3 tal-Istatut, sa nhar il-\u0120img\u0127a 19 ta\u2019 Jannar 2018 qed jintlaqg\u0127u in-nominazzjonijiet g\u0127all-\u0127atra tat-tlett uffi\u010bjali e\u017cekuttivi tal-kumitat il-\u0121did, ji\u0121ifieri g\u0127all-President, \u00a0Segretarju \u00a0u \u00a0Kaxxier. Dawn huma karigi li j\u0121orru l-akbar responsabbilta fi \u0127dan il-ka\u017cin u g\u0127alhekk l-istatut jitlob li l-g\u0127a\u017cla tag\u0127om issir l-ewwel u separatament mill-bqijja tal-kumitat. Aktar dettalji jinsabu fin-notice board tal-ka\u017cin. Wara [&hellip;]<\/p>\n","protected":false},"author":1,"featured_media":2903,"comment_status":"closed","ping_status":"closed","sticky":false,"template":"single-templates\/single-sidebar-featuredImg-none copy.php","format":"standard","meta":{"footnotes":""},"categories":[6],"tags":[],"class_list":["post-2802","post","type-post","status-publish","format-standard","has-post-thumbnail","hentry","category-promozzjoni"],"_links":{"self":[{"href":"https:\/\/bandasanfilep.com.mt\/index.php\/wp-json\/wp\/v2\/posts\/2802","targetHints":{"allow":["GET"]}}],"collection":[{"href":"https:\/\/bandasanfilep.com.mt\/index.php\/wp-json\/wp\/v2\/posts"}],"about":[{"href":"https:\/\/bandasanfilep.com.mt\/index.php\/wp-json\/wp\/v2\/types\/post"}],"author":[{"embeddable":true,"href":"https:\/\/bandasanfilep.com.mt\/index.php\/wp-json\/wp\/v2\/users\/1"}],"replies":[{"embeddable":true,"href":"https:\/\/bandasanfilep.com.mt\/index.php\/wp-json\/wp\/v2\/comments?post=2802"}],"version-history":[{"count":1,"href":"https:\/\/bandasanfilep.com.mt\/index.php\/wp-json\/wp\/v2\/posts\/2802\/revisions"}],"predecessor-version":[{"id":6092,"href":"https:\/\/bandasanfilep.com.mt\/index.php\/wp-json\/wp\/v2\/posts\/2802\/revisions\/6092"}],"wp:featuredmedia":[{"embeddable":true,"href":"https:\/\/bandasanfilep.com.mt\/index.php\/wp-json\/"}],"wp:attachment":[{"href":"https:\/\/bandasanfilep.com.mt\/index.php\/wp-json\/wp\/v2\/media?parent=2802"}],"wp:term":[{"taxonomy":"category","embeddable":true,"href":"https:\/\/bandasanfilep.com.mt\/index.php\/wp-json\/wp\/v2\/categories?post=2802"},{"taxonomy":"post_tag","embeddable":true,"href":"https:\/\/bandasanfilep.com.mt\/index.php\/wp-json\/wp\/v2\/tags?post=2802"}],"curies":[{"name":"wp","href":"https:\/\/api.w.org\/{rel}","templated":true}]}}