{"id":3009,"date":"2018-06-11T09:53:00","date_gmt":"2018-06-11T08:53:00","guid":{"rendered":"https:\/\/www.bandasanfilep.com.mt\/?p=3009"},"modified":"2025-07-19T17:23:05","modified_gmt":"2025-07-19T17:23:05","slug":"ittra-ta-ringrazzjamentn-festa-2018","status":"publish","type":"post","link":"https:\/\/bandasanfilep.com.mt\/index.php\/2018\/06\/11\/ittra-ta-ringrazzjamentn-festa-2018\/","title":{"rendered":"Ittra ta\u2019 ringrazzjament &#8211; Festa 2018"},"content":{"rendered":"<p style=\"text-align: left;\"><span lang=\"MT\"><span style=\"color: #000000; font-family: Calibri;\">Ittra ta\u2019 ringrazzjament;<\/span><\/span><\/p>\n<p style=\"text-align: left;\"><span lang=\"MT\"><span style=\"color: #000000; font-family: Calibri;\">10\/06\/2018<\/span><\/span><\/p>\n<p style=\"text-align: left;\"><span lang=\"MT\"><span style=\"color: #000000; font-family: Calibri;\">G\u0127e\u017cie\u017c kollegi, membri, partitarji, benefatturi u \u0127bieb;<\/span><\/span><\/p>\n<p style=\"text-align: left;\"><span style=\"font-family: Calibri;\"><span style=\"color: #000000;\"><span lang=\"MT\">G\u0127adhom kif g\u0127addew ftit sig\u0127at min tmiem din il-Festa tal <\/span>201<span lang=\"MT\">8 <\/span>liema<span lang=\"MT\"> Festa kienet SU\u010a\u010aESS kbir.<\/span><\/span><\/span><\/p>\n<p style=\"text-align: left;\"><span style=\"font-family: Calibri;\"><span style=\"color: #000000;\"><span lang=\"MT\">B\u0127al kul\u0127add in\u0127ossni g\u0127ajjien i\u017cda sodisfatt g\u0127aliex g\u0127adni kif doqt g\u0127al darba o\u0127ra mi<\/span>n<span lang=\"MT\">n esperjenza o\u0127ra ta<\/span>\u2019<span lang=\"MT\"> sena \u0127idma. Esperjenza li min<\/span>h<span lang=\"MT\">a tg\u0127allimt xi \u0127a\u0121a \u0121dida il-\u0127in kollu. Nitg\u0127allem mhux biss dwar l-armar, jew in-nar, jew il-mu\u017cika i\u017cda fuq kollox dwar il-qawwa tal-qalb kbira tag\u0127kom.<\/span><\/span><\/span><\/p>\n<p style=\"text-align: left;\"><span lang=\"MT\"><span style=\"color: #000000; font-family: Calibri;\">Ta\u0127t it-tleblib fl-ajru, bejn il-frilli tal-pavaljuni, qalb il-mar\u010bi hemm xi \u0127a\u0121a tant g\u0127al qalbi: kull wie\u0127ed u wa\u0127da minnkom.<\/span><\/span><\/p>\n<p style=\"text-align: left;\"><span style=\"font-family: Calibri;\"><span style=\"color: #000000;\"><span lang=\"MT\">Il-pre\u017cenza tag\u0127kom fil-qasam tal-volontarjat hi qawsalla s\u0127i\u0127a ta\u2019 persuni uni\u010bi. Bnedmin ta\u2019 kull tip u g\u0127amla li bis-sa\u0127\u0127a tat-tajjeb u in-nuqqasijiet tag\u0127na g\u0127amilna t<\/span>i<span lang=\"MT\">m rebbie\u0127. Urejna li qabel l-G\u0127aqda ma ji\u0121i xejn u \u0127add, li kapa\u010bi ni\u0121\u0121eddu u nkomplu nissa\u0127\u0127u b\u2019 nies u <\/span>ideat<span lang=\"MT\"> \u0121odda.<\/span><\/span><\/span><\/p>\n<p style=\"text-align: left;\"><span style=\"font-family: Calibri;\"><span style=\"color: #000000;\"><span lang=\"MT\">Wara pawsa ta<\/span>\u2019<span lang=\"MT\"> mistrie\u0127, kif inkun in\u0121abar kollox f\u2019 postu irridu nirriflettu fuq din l-g\u0127aqda u dwar il-valuri li wassluna fejn qeg\u0127din illum.<\/span><\/span><\/span><\/p>\n<p style=\"text-align: left;\"><span style=\"font-family: Calibri;\"><span style=\"color: #000000;\"><span lang=\"MT\">F\u2019ismi, f\u2019isem il-familja kbira tag\u0127na u f\u2019 isem il-Kumitat \u010aentrali NIRRINGRAZJAKOM mil-\u0121did g\u0127al kull ma g\u0127amiltu matul din is-sena. <\/span>Nixtieqilkom<span lang=\"MT\"> Sajf ta\u2019 mistrie\u0127 mal-familja u nistedinkom biex tkomplu din il-mixja b\u0127ala voluntiera biex inkomplu inkabbru din l-G\u0127aqda tant g\u0127a\u017ci\u017ca g\u0127alina ilkoll.<\/span><\/span><\/span><\/p>\n<p style=\"text-align: left;\"><span style=\"font-family: Calibri;\"><span style=\"color: #000000;\"><span lang=\"MT\">G\u0127aqda li l-vu\u010bi u l-identit\u00e0 li tag\u0127tina hi l-g\u0127ira ta<\/span>\u2019<span lang=\"MT\"> kul\u0127add.<\/span><\/span><\/span><\/p>\n<p style=\"text-align: left;\"><span lang=\"MT\"><span style=\"color: #000000; font-family: Calibri;\">Philip Sciortino.<\/span><\/span><\/p>\n","protected":false},"excerpt":{"rendered":"<p>Ittra ta\u2019 ringrazzjament; 10\/06\/2018 G\u0127e\u017cie\u017c kollegi, membri, partitarji, benefatturi u \u0127bieb; G\u0127adhom kif g\u0127addew ftit sig\u0127at min tmiem din il-Festa tal 2018 liema Festa kienet SU\u010a\u010aESS kbir. B\u0127al kul\u0127add in\u0127ossni g\u0127ajjien i\u017cda sodisfatt g\u0127aliex g\u0127adni kif doqt g\u0127al darba o\u0127ra minn esperjenza o\u0127ra ta\u2019 sena \u0127idma. Esperjenza li minha tg\u0127allimt xi \u0127a\u0121a \u0121dida il-\u0127in kollu. [&hellip;]<\/p>\n","protected":false},"author":1,"featured_media":2903,"comment_status":"closed","ping_status":"closed","sticky":false,"template":"single-templates\/single-sidebar-featuredImg-none copy.php","format":"standard","meta":{"footnotes":""},"categories":[6],"tags":[],"class_list":["post-3009","post","type-post","status-publish","format-standard","has-post-thumbnail","hentry","category-promozzjoni"],"_links":{"self":[{"href":"https:\/\/bandasanfilep.com.mt\/index.php\/wp-json\/wp\/v2\/posts\/3009","targetHints":{"allow":["GET"]}}],"collection":[{"href":"https:\/\/bandasanfilep.com.mt\/index.php\/wp-json\/wp\/v2\/posts"}],"about":[{"href":"https:\/\/bandasanfilep.com.mt\/index.php\/wp-json\/wp\/v2\/types\/post"}],"author":[{"embeddable":true,"href":"https:\/\/bandasanfilep.com.mt\/index.php\/wp-json\/wp\/v2\/users\/1"}],"replies":[{"embeddable":true,"href":"https:\/\/bandasanfilep.com.mt\/index.php\/wp-json\/wp\/v2\/comments?post=3009"}],"version-history":[{"count":1,"href":"https:\/\/bandasanfilep.com.mt\/index.php\/wp-json\/wp\/v2\/posts\/3009\/revisions"}],"predecessor-version":[{"id":6088,"href":"https:\/\/bandasanfilep.com.mt\/index.php\/wp-json\/wp\/v2\/posts\/3009\/revisions\/6088"}],"wp:featuredmedia":[{"embeddable":true,"href":"https:\/\/bandasanfilep.com.mt\/index.php\/wp-json\/"}],"wp:attachment":[{"href":"https:\/\/bandasanfilep.com.mt\/index.php\/wp-json\/wp\/v2\/media?parent=3009"}],"wp:term":[{"taxonomy":"category","embeddable":true,"href":"https:\/\/bandasanfilep.com.mt\/index.php\/wp-json\/wp\/v2\/categories?post=3009"},{"taxonomy":"post_tag","embeddable":true,"href":"https:\/\/bandasanfilep.com.mt\/index.php\/wp-json\/wp\/v2\/tags?post=3009"}],"curies":[{"name":"wp","href":"https:\/\/api.w.org\/{rel}","templated":true}]}}