{"id":331,"date":"2015-01-03T20:06:26","date_gmt":"2015-01-03T19:06:26","guid":{"rendered":"http:\/\/www.bandasanfilep.com.mt\/TestSite\/?p=331"},"modified":"2025-07-19T17:23:29","modified_gmt":"2025-07-19T17:23:29","slug":"qalb-zaghzugha-festi-inklussivi","status":"publish","type":"post","link":"https:\/\/bandasanfilep.com.mt\/index.php\/2015\/01\/03\/qalb-zaghzugha-festi-inklussivi\/","title":{"rendered":"Qalb \u017bag\u0127\u017cug\u0127a, Festi Inklussivi"},"content":{"rendered":"<p><a href=\"http:\/\/www.bandasanfilep.com.mt\/wp-content\/uploads\/2015\/01\/KonferenzzaNazzjonali-3.jpg\"><img loading=\"lazy\" decoding=\"async\" class=\"  wp-image-456 aligncenter\" src=\"http:\/\/www.bandasanfilep.com.mt\/wp-content\/uploads\/2015\/01\/KonferenzzaNazzjonali-3-300x200.jpg\" alt=\"KonferenzzaNazzjonali-3\" width=\"439\" height=\"255\" \/><\/a><\/p>\n<p style=\"text-align: justify;\">Numru ta\u2019 \u017cg\u0127a\u017cag\u0127 mill-G\u0127aqda Ka\u017cin Banda San Filep attendew g\u0127all-konferenza nazzjonali dwar i\u017c-\u017cg\u0127a\u017cag\u0127 u l-festi. F\u2019din l-attivit\u00e0\u2019 saru mat-3 seminars fejn fihom saru xi workshops bejn diversi ka\u017cini tal-baned. Fihom \u0121ew diskussi x\u2019inhu qieg\u0127ed isir fil-festi lokali u fejn nistg\u0127u ilkoll ntejbu livell ta\u2019 dawn il-festi. Kull ka\u017cin kellu l\u2019opportunita\u2019 sabiex jesprimi l-opinjonijiet u l-ideat tieg\u0127u. F\u2019dawn l-attivitajiet \u0127ar\u0121u diversi punti li wara tressqu g\u0127all-konferenza li g\u0127aliha attendew l\u2019Hon. Tag\u0127ha, il-President ta\u2019 Malta, xi rappre\u017centanti tal-Kurja Ar\u010biveskovili u diversi attivisti u \u0121urnalisti li huma sinonimi ma dawn il-Festi u anka mal-media. Saru ukoll xi survey man-nies sabiex ji\u0121i studjat kif ja\u0127sibha l-poplu fuq dawn l-attivitajiet kulturali ta\u2019 pajji\u017cna. Dawn il-laqg\u0127at servew sabiex nkomplu dejjem intejbu l-\u0127idma tag\u0127na mal-komunit\u00e0\u2019 \u017bebbu\u0121ija filwaqt li anka b\u0127ala so\u010bjetajiet, nkomplu dejjem na\u0127dmu flimkien.<\/p>\n","protected":false},"excerpt":{"rendered":"<p>Numru ta\u2019 \u017cg\u0127a\u017cag\u0127 mill-G\u0127aqda Ka\u017cin Banda San Filep attendew g\u0127all-konferenza nazzjonali dwar i\u017c-\u017cg\u0127a\u017cag\u0127 u l-festi. F\u2019din l-attivit\u00e0\u2019 saru mat-3 seminars fejn fihom saru xi workshops bejn diversi ka\u017cini tal-baned. Fihom \u0121ew diskussi x\u2019inhu qieg\u0127ed isir fil-festi lokali u fejn nistg\u0127u ilkoll ntejbu livell ta\u2019 dawn il-festi. Kull ka\u017cin kellu l\u2019opportunita\u2019 sabiex jesprimi l-opinjonijiet u l-ideat [&hellip;]<\/p>\n","protected":false},"author":1,"featured_media":456,"comment_status":"closed","ping_status":"open","sticky":false,"template":"single-templates\/single-sidebar-featuredImg-none copy.php","format":"standard","meta":{"footnotes":""},"categories":[6],"tags":[],"class_list":["post-331","post","type-post","status-publish","format-standard","has-post-thumbnail","hentry","category-promozzjoni"],"_links":{"self":[{"href":"https:\/\/bandasanfilep.com.mt\/index.php\/wp-json\/wp\/v2\/posts\/331","targetHints":{"allow":["GET"]}}],"collection":[{"href":"https:\/\/bandasanfilep.com.mt\/index.php\/wp-json\/wp\/v2\/posts"}],"about":[{"href":"https:\/\/bandasanfilep.com.mt\/index.php\/wp-json\/wp\/v2\/types\/post"}],"author":[{"embeddable":true,"href":"https:\/\/bandasanfilep.com.mt\/index.php\/wp-json\/wp\/v2\/users\/1"}],"replies":[{"embeddable":true,"href":"https:\/\/bandasanfilep.com.mt\/index.php\/wp-json\/wp\/v2\/comments?post=331"}],"version-history":[{"count":1,"href":"https:\/\/bandasanfilep.com.mt\/index.php\/wp-json\/wp\/v2\/posts\/331\/revisions"}],"predecessor-version":[{"id":6139,"href":"https:\/\/bandasanfilep.com.mt\/index.php\/wp-json\/wp\/v2\/posts\/331\/revisions\/6139"}],"wp:featuredmedia":[{"embeddable":true,"href":"https:\/\/bandasanfilep.com.mt\/index.php\/wp-json\/wp\/v2\/media\/456"}],"wp:attachment":[{"href":"https:\/\/bandasanfilep.com.mt\/index.php\/wp-json\/wp\/v2\/media?parent=331"}],"wp:term":[{"taxonomy":"category","embeddable":true,"href":"https:\/\/bandasanfilep.com.mt\/index.php\/wp-json\/wp\/v2\/categories?post=331"},{"taxonomy":"post_tag","embeddable":true,"href":"https:\/\/bandasanfilep.com.mt\/index.php\/wp-json\/wp\/v2\/tags?post=331"}],"curies":[{"name":"wp","href":"https:\/\/api.w.org\/{rel}","templated":true}]}}