{"id":4695,"date":"2020-11-25T21:30:20","date_gmt":"2020-11-25T20:30:20","guid":{"rendered":"https:\/\/www.bandasanfilep.com.mt\/?p=4695"},"modified":"2025-07-19T17:23:04","modified_gmt":"2025-07-19T17:23:04","slug":"dun-alfred-agius","status":"publish","type":"post","link":"https:\/\/bandasanfilep.com.mt\/index.php\/2020\/11\/25\/dun-alfred-agius\/","title":{"rendered":"Persona\u0121\u0121i \u017bebbu\u0121in &#8211; Dun Alfred Agius"},"content":{"rendered":"<p><a href=\"https:\/\/www.bandasanfilep.com.mt\/wp-content\/uploads\/2020\/11\/DunAlfredAgius-scaled.jpg\"><img loading=\"lazy\" decoding=\"async\" class=\"alignleft size-medium wp-image-4704\" src=\"https:\/\/www.bandasanfilep.com.mt\/wp-content\/uploads\/2020\/11\/DunAlfredAgius-203x300.jpg\" alt=\"\" width=\"203\" height=\"300\" \/><\/a><\/p>\n<p style=\"text-align: justify;\">Illum Dun Alfred Agius, fl-et\u00e0 ta\u2019 70 sena qabad it-triq g\u0127al \u0127dan il-Mulej. \u0126assejt li g\u0127andi niktbilkom xi \u0127a\u0121a \u017cg\u0127ira dwar dan il-qassis u edukatur li \u0127adem bil-mod tieg\u0127u g\u0127al \u0121id tal-komunit\u00e0 \u017bebbu\u0121ija.<\/p>\n<p style=\"text-align: justify;\">Dun Alfred trabba fis-Sqaq tas-Sorijiet fost tmient a\u0127wa. Peress li kien dejjem mi\u0121bur lejn il-Knisja, ta\u2019 12-il sena Dun Philip Grech \u0127allaslu scholarship \u017cg\u0127ir biex imur irtir Sqallija. Wara qabad jag\u0127milha mas-Sale\u017cjani li bag\u0127tuh l-Irlanda fejn ir\u010bieva is-Sa\u010berdozju. Min hemm Alfred mar jistudja l-Palestina u l-I\u017crael f\u2019 \u0120erusalemm u Betlehem fejn spe\u010bjalizza fl-istudji bibli\u010bi li tant baqg\u0127u g\u0127al qalbu matul \u0127ajtu kollha. Hemmhekk tg\u0127allem aktar dwar l-istorja u l-arkeolo\u0121ija tal-Lvant Nofsani. Wara l-Palestina hu ing\u0127ata l-inkarigu li ja\u0127dem pastoralment fl-Armenja li hu poplu nisrani sa mill-bidu tal-Kristjane\u017cmu.<\/p>\n<p style=\"text-align: justify;\">Min hemm intbag\u0127at ja\u0127dem fl-Iran u ftit wara inqabad fit-taqlib tar-Rivoluzzjoni tal-1979. Fi ftit kliem, Dun Alfred telaq \u0127esrem u kontra qalbu g\u0127ax ma setax ikompli l-\u0127idma tieg\u0127u hemmhekk. Wasal Malta fl-1980 u fi ftit snin sar qassis Djo\u010be\u017can g\u0127alkemm kien ilu jaqdi l-pastorali fil-Parro\u010b\u010ba. Kellu g\u0127al qalbu l-istudji bibli\u010bi, l-Arkeolo\u0121ija u l-Litur\u0121ija. Fuq dawn is-su\u0121\u0121etti kemm-il darba kellu programmi fuq ir-radju u kien jinstema\u2019 li kien qieg\u0127ed iwie\u0121eb bil-kunfidenza u l-perswa\u017cjoni ta&#8217; mg\u0127allem.<\/p>\n<p style=\"text-align: justify;\">G\u0127amel \u017cmien twil ja\u0127dem fil-Kappella tas-Sorijiet mmexxija mill-Fran\u0121iskani ta\u2019 Marija f\u2019 \u0126al Mula fejn kellu l-klassijiet tad-duttrina. Kellu ukoll dik li nsej\u0127ilha jien \u2018il-pastorali tal-photocopier\u2019. Aktar milli negozju kien mezz uniku kif i\u017comm kuntatt ma\u2019 firxa ta\u2019 nies minn kull qasam tal-\u0127ajja, \u017bebbu\u0121in u mhux.<\/p>\n<p style=\"text-align: justify;\">L-a\u0127\u0127ar g\u0127axar snin \u0127adem ta\u2019 Education Officer responsabbli mill-qasam tal-edukazzjoni tar-reli\u0121jon fl-iskejjel statali.\u201d<\/p>\n<p><a href=\"https:\/\/www.bandasanfilep.com.mt\/wp-content\/uploads\/2020\/11\/DunAlfredAgius_Ritratt_GlennGrima.jpg\"><img loading=\"lazy\" decoding=\"async\" class=\"aligncenter size-medium wp-image-4697\" src=\"https:\/\/www.bandasanfilep.com.mt\/wp-content\/uploads\/2020\/11\/DunAlfredAgius_Ritratt_GlennGrima-300x200.jpg\" alt=\"\" width=\"300\" height=\"200\" \/><\/a><\/p>\n<p style=\"text-align: right;\">Kitba ta&#8217;<br \/>\nDr Philip Sciortino<\/p>\n","protected":false},"excerpt":{"rendered":"<p>Illum Dun Alfred Agius, fl-et\u00e0 ta\u2019 70 sena qabad it-triq g\u0127al \u0127dan il-Mulej. \u0126assejt li g\u0127andi niktbilkom xi \u0127a\u0121a \u017cg\u0127ira dwar dan il-qassis u edukatur li \u0127adem bil-mod tieg\u0127u g\u0127al \u0121id tal-komunit\u00e0 \u017bebbu\u0121ija. Dun Alfred trabba fis-Sqaq tas-Sorijiet fost tmient a\u0127wa. Peress li kien dejjem mi\u0121bur lejn il-Knisja, ta\u2019 12-il sena Dun Philip Grech \u0127allaslu [&hellip;]<\/p>\n","protected":false},"author":1,"featured_media":4704,"comment_status":"closed","ping_status":"closed","sticky":false,"template":"single-templates\/single-sidebar-featuredImg-none copy.php","format":"standard","meta":{"footnotes":""},"categories":[4,6],"tags":[],"class_list":["post-4695","post","type-post","status-publish","format-standard","has-post-thumbnail","hentry","category-personaggi-zebbugin","category-promozzjoni"],"_links":{"self":[{"href":"https:\/\/bandasanfilep.com.mt\/index.php\/wp-json\/wp\/v2\/posts\/4695","targetHints":{"allow":["GET"]}}],"collection":[{"href":"https:\/\/bandasanfilep.com.mt\/index.php\/wp-json\/wp\/v2\/posts"}],"about":[{"href":"https:\/\/bandasanfilep.com.mt\/index.php\/wp-json\/wp\/v2\/types\/post"}],"author":[{"embeddable":true,"href":"https:\/\/bandasanfilep.com.mt\/index.php\/wp-json\/wp\/v2\/users\/1"}],"replies":[{"embeddable":true,"href":"https:\/\/bandasanfilep.com.mt\/index.php\/wp-json\/wp\/v2\/comments?post=4695"}],"version-history":[{"count":1,"href":"https:\/\/bandasanfilep.com.mt\/index.php\/wp-json\/wp\/v2\/posts\/4695\/revisions"}],"predecessor-version":[{"id":6080,"href":"https:\/\/bandasanfilep.com.mt\/index.php\/wp-json\/wp\/v2\/posts\/4695\/revisions\/6080"}],"wp:featuredmedia":[{"embeddable":true,"href":"https:\/\/bandasanfilep.com.mt\/index.php\/wp-json\/"}],"wp:attachment":[{"href":"https:\/\/bandasanfilep.com.mt\/index.php\/wp-json\/wp\/v2\/media?parent=4695"}],"wp:term":[{"taxonomy":"category","embeddable":true,"href":"https:\/\/bandasanfilep.com.mt\/index.php\/wp-json\/wp\/v2\/categories?post=4695"},{"taxonomy":"post_tag","embeddable":true,"href":"https:\/\/bandasanfilep.com.mt\/index.php\/wp-json\/wp\/v2\/tags?post=4695"}],"curies":[{"name":"wp","href":"https:\/\/api.w.org\/{rel}","templated":true}]}}