{"id":5835,"date":"2015-01-08T23:17:42","date_gmt":"2015-01-08T22:17:42","guid":{"rendered":"http:\/\/www.bandasanfilep.com.mt\/TestSite\/?p=791"},"modified":"2025-07-19T17:23:29","modified_gmt":"2025-07-19T17:23:29","slug":"premiere-tal-cantata-filep-u-tal-oratorio-san-filep","status":"publish","type":"post","link":"https:\/\/bandasanfilep.com.mt\/index.php\/2015\/01\/08\/premiere-tal-cantata-filep-u-tal-oratorio-san-filep\/","title":{"rendered":"Premi\u00e8re tal-Cantata \u2018Filep\u2019 u tal-Oratorio \u2018San Filep&#8217;"},"content":{"rendered":"<p>Il-Banda San Filep qed tag\u0127mel su\u010b\u010bess wara l-ie\u0127or. F\u2019Mejju li g\u0127adda fi soiree d\u2019honneur ad unur is-Sopran Joan Mangion fl-awditorju Sir Temi Zammit tal-Universit\u00e0 ta\u2019 Malta, daqqet wie\u0127ed u g\u0127oxrin silta mu\u017cikali li jvarjaw minn selezzjonijiet operisti\u010bi sa kanzunetti klassi\u010bi u kompo\u017cizzjonijiet \u0121odda. Dan l-a\u0127\u0127ar f\u2019g\u0127eluq i\u010b-\u010belebrazzjonijiet tal-160 sena mit-twaqqif tag\u0127ha l-Banda San Filep tatna kun\u010bert ta\u2019 mitt minuta ta\u2019 mu\u017cika sagra \u0121dida. Soltu f\u2019okka\u017cjonijiet b\u0127al dawn ji\u017c\u017can\u017can xi Oratorio jew xi Cantata. Din id-darba i\u017c\u017can\u017cnu t-tnejn \u2013 x\u2019aktarx l-ewwel darba f\u2019Malta.<\/p>\n<p>Wara ntroduzzjoni qasira \u0127afna, beda l-Oratorio \u2018San Filep \u2013 Seb\u0127 A\u0121\u0121ira\u2019 kliem u mu\u017cika ta\u2019 Mro. Richard Bugeja, id-direttur ta\u2019 l-istess banda.<\/p>\n<figure id=\"attachment_793\" aria-describedby=\"caption-attachment-793\" style=\"width: 300px\" class=\"wp-caption aligncenter\"><a href=\"http:\/\/www.bandasanfilep.com.mt\/wp-content\/uploads\/2015\/01\/DSC9315mail.jpg\"><img loading=\"lazy\" decoding=\"async\" class=\"wp-image-793 size-medium\" src=\"http:\/\/www.bandasanfilep.com.mt\/wp-content\/uploads\/2015\/01\/DSC9315mail-300x200.jpg\" alt=\"Premi\u00e8re tal-Cantata \u2018Filep\u2019 u tal-Oratorio \u2018San Filep'\" width=\"300\" height=\"200\" \/><\/a><figcaption id=\"caption-attachment-793\" class=\"wp-caption-text\">Premi\u00e8re tal-Cantata \u2018Filep\u2019 u tal-Oratorio \u2018San Filep&#8217;<\/figcaption><\/figure>\n<p>Jakkumpanjaw kien hemm il-Kor Mirabitur immexxi minn Simone Attard, it-tenur Joseph Aquilina, is-sopran Joan Mangion u l-baritonu Alfred Camilleri. Saret ukoll mima mis-St. Philip Pageant Group li b\u2019mod sinkronizzat tajjeb mal-mu\u017cika ppre\u017centa xeni mill-\u0127ajja tal-qaddis.<\/p>\n<p>Is-serata mxiet tajjeb \u0127afna bla xejn \u0127ela ta\u2019 \u0127in mill-ewwel g\u0127at-tieni kompo\u017cizzjoni li kienet il-Cantata \u2018Filep\u2019 ta\u2019 Mro. Ray Sciberras fuq lirika tal-mibki Frans Sammut. Hawn minbarra l-kor u l-kantanti solisti kien \u0127adu sehem ukoll Joyce Guillaumier u Joe Cortis b\u0127ala narraturi. L-ammiraturi tal-banda u mistednin o\u0127ra li attendew numeru\u017ci ng\u0127ataw ktejjeb elegant ta\u2019 28 pa\u0121na bil-lirika u tag\u0127rif ie\u0127or marbut mal-okka\u017cjoni. Dan il-kun\u010bert spe\u010bjali sar ta\u0127t il-patro\u010binju ta\u2019 E.T il-President ta\u2019 Malta Dr. George Abela B.A., LL.D., M.JUR. \u0121ewwa l-Monte Kristo Estates, \u0126al Farru\u0121, nhar is-Sibt 5 ta\u2019 Novembru.<\/p>\n<p style=\"text-align: justify;\"><a href=\"http:\/\/www.bandasanfilep.com.mt\/Downloads\/PremiereBooklet2011.pdf\" target=\"_blank\" rel=\"noopener\">[fontawesome_icon name=&#8221;fa fa-cloud-download&#8221; size=&#8221;1&#8243; type=&#8221;&#8221; color=&#8221;&#8221; style=&#8221;normal&#8221; bgcolor=&#8221;&#8221;] Programm u taghrif dwar il-muzika.<\/a><\/p>\n<p style=\"text-align: right;\">Kitba: Philip Balzan \u00a9<\/p>\n","protected":false},"excerpt":{"rendered":"<p>Il-Banda San Filep qed tag\u0127mel su\u010b\u010bess wara l-ie\u0127or. F\u2019Mejju li g\u0127adda fi soiree d\u2019honneur ad unur is-Sopran Joan Mangion fl-awditorju Sir Temi Zammit tal-Universit\u00e0 ta\u2019 Malta, daqqet wie\u0127ed u g\u0127oxrin silta mu\u017cikali li jvarjaw minn selezzjonijiet operisti\u010bi sa kanzunetti klassi\u010bi u kompo\u017cizzjonijiet \u0121odda. Dan l-a\u0127\u0127ar f\u2019g\u0127eluq i\u010b-\u010belebrazzjonijiet tal-160 sena mit-twaqqif tag\u0127ha l-Banda San Filep tatna [&hellip;]<\/p>\n","protected":false},"author":1,"featured_media":793,"comment_status":"closed","ping_status":"closed","sticky":false,"template":"single-templates\/single-sidebar-featuredImg-none copy.php","format":"standard","meta":{"footnotes":""},"categories":[5],"tags":[],"class_list":["post-5835","post","type-post","status-publish","format-standard","has-post-thumbnail","hentry","category-programmi-specjali-attivitajiet"],"_links":{"self":[{"href":"https:\/\/bandasanfilep.com.mt\/index.php\/wp-json\/wp\/v2\/posts\/5835","targetHints":{"allow":["GET"]}}],"collection":[{"href":"https:\/\/bandasanfilep.com.mt\/index.php\/wp-json\/wp\/v2\/posts"}],"about":[{"href":"https:\/\/bandasanfilep.com.mt\/index.php\/wp-json\/wp\/v2\/types\/post"}],"author":[{"embeddable":true,"href":"https:\/\/bandasanfilep.com.mt\/index.php\/wp-json\/wp\/v2\/users\/1"}],"replies":[{"embeddable":true,"href":"https:\/\/bandasanfilep.com.mt\/index.php\/wp-json\/wp\/v2\/comments?post=5835"}],"version-history":[{"count":1,"href":"https:\/\/bandasanfilep.com.mt\/index.php\/wp-json\/wp\/v2\/posts\/5835\/revisions"}],"predecessor-version":[{"id":6134,"href":"https:\/\/bandasanfilep.com.mt\/index.php\/wp-json\/wp\/v2\/posts\/5835\/revisions\/6134"}],"wp:featuredmedia":[{"embeddable":true,"href":"https:\/\/bandasanfilep.com.mt\/index.php\/wp-json\/"}],"wp:attachment":[{"href":"https:\/\/bandasanfilep.com.mt\/index.php\/wp-json\/wp\/v2\/media?parent=5835"}],"wp:term":[{"taxonomy":"category","embeddable":true,"href":"https:\/\/bandasanfilep.com.mt\/index.php\/wp-json\/wp\/v2\/categories?post=5835"},{"taxonomy":"post_tag","embeddable":true,"href":"https:\/\/bandasanfilep.com.mt\/index.php\/wp-json\/wp\/v2\/tags?post=5835"}],"curies":[{"name":"wp","href":"https:\/\/api.w.org\/{rel}","templated":true}]}}