{"id":5838,"date":"2015-01-08T23:17:42","date_gmt":"2015-01-08T22:17:42","guid":{"rendered":"http:\/\/www.bandasanfilep.com.mt\/TestSite\/?p=800"},"modified":"2025-07-19T17:23:29","modified_gmt":"2025-07-19T17:23:29","slug":"serata-muziko-letterarja-fgieh-dun-luret-callus","status":"publish","type":"post","link":"https:\/\/bandasanfilep.com.mt\/index.php\/2015\/01\/08\/serata-muziko-letterarja-fgieh-dun-luret-callus\/","title":{"rendered":"Serata Mu\u017ciko-Letterarja f\u2019\u0120ieh Dun Luret Callus"},"content":{"rendered":"<p style=\"text-align: justify;\">Nhar is-Sibt 6 t\u2019Ottubru 2012 filg\u0127axija, udjenza numeru\u017ca \u0127afna segwiet b\u2019attenzjoni l-programmm ta\u2019 serata \u0127elwa m\u017cewqa b\u2019mu\u017cika, kant, filmati, features u intervisti. Minkejja li l-programm qabe\u017c is-sag\u0127tejn, in-nies baqg\u0127u sa l-a\u0127\u0127ar u wara bosta kkummentaw li sabuh interessanti, varjat u bilan\u010bjat tajjeb.<\/p>\n<figure id=\"attachment_801\" aria-describedby=\"caption-attachment-801\" style=\"width: 300px\" class=\"wp-caption alignright\"><a href=\"http:\/\/www.bandasanfilep.com.mt\/wp-content\/uploads\/2015\/01\/Dun_L_Callus_jipprezenta_x-xabla.jpg\"><img loading=\"lazy\" decoding=\"async\" class=\"size-medium wp-image-801\" src=\"http:\/\/www.bandasanfilep.com.mt\/wp-content\/uploads\/2015\/01\/Dun_L_Callus_jipprezenta_x-xabla-300x217.jpg\" alt=\"Dun Luret Callus\" width=\"300\" height=\"217\"><\/a><figcaption id=\"caption-attachment-801\" class=\"wp-caption-text\">Dun Luret Callus<\/figcaption><\/figure>\n<p style=\"text-align: justify;\">L-okka\u017c\u017cjoni kienet it-tifkira tal-\u0127amsin sena mill-mewt ta\u2019 Dun Luret Callus eks-President u Direttur Spiritwali tal-G\u0127aqda Ka\u017cin Banda San Filep AD1851. Il-Banda San Filep ta\u0127t id-direzzjoni ta\u2019 Mro Richard Bugeja u akkumpanjata mill-kantanti solisti Joan Mangion, Joseph Aquilina u Albertine Abela kienet responsabbli g\u0127all-e\u017cekuzzjoni mu\u017cikali. Fet\u0127et il-programm bil-kompo\u017cizzjoni \u201cSword of Honour\u201d li fakkret l-okka\u017c\u017cjoni unika meta fit-12 ta\u2019 Marzu 1944 Dun Luret ppre\u017centa Xabla tal-Unur lil Lord John Gort, Gvernatur ta\u2019 Malta. I\u010b-\u010berimonja kienet saret fuq inizzjattiva tal-G\u0127aqda tal-Banda San Filep f\u2019isimha u f\u2019isem aktar minn sebg\u0127in g\u0127aqda Maltija. Filmat qasir ta\u010b-\u010berimonja tal-1944 mi\u0121jub mill-Imperial War Museum ta\u2019 Londra kien attrazzjoni spe\u010bjali.<\/p>\n<p style=\"text-align: justify;\">L-G\u0127a\u017cla mu\u017cikali kienet varjata u mpenjattiva. Fl-istess \u0127in irriflettiet il-fatt li kien qed ji\u0121i kommemorat qassis li ddedika \u0127ajtu g\u0127all-missjoni pastorali fost il-poplu i li kellu devozzjoni kbira lejn il-Madonna. Kien g\u0127alhekk li l-mu\u017cika kellha xe\u0127ta reli\u0121ju\u017ca, u anke Marjana. Indaqqu l-\u201cAngelus\u201d ta\u2019 Jules Massenet, \u201cRecordare Domine\u201d ta\u2019 Pietro Paolo Bugeja, \u201cSalve Regina\u201d ta\u2019 Richard Bugeja, silta minn \u201cSanta Maria de la Sede\u201d ta\u2019 Harry Simeone u \u017cew\u0121 \u201cAve Maria\u201d, wa\u0127da ta\u2019 Adeodato Gatt u l-o\u0127ra ta\u2019 Giulio Caccini. Indaqq ukoll il-mar\u010b funebru \u201cIn Memory of Rev Loreto Callus\u201d ta\u2019 Mro Michael Ciantar.<\/p>\n<p style=\"text-align: justify;\">Fil-parti letterarja Olivia Borg u Alessandra Balzan qraw \u017cew\u0121 poe\u017ciji tal-Poeta Nazzjonali Dun Karm: \u201cIl-Vjatku\u201d u \u201c\u0120es\u00f9 \u2013 fil-Kenn g\u0127all-Attakki mill-Ajru\u201d. L-ewwel wa\u0127da tiddeskrivi kif kien isir il-vjatku li g\u0127alih Dun Luret baqa\u2019 msemmi. It-tieni wa\u0127da kienet spirata minn Dun Luret li matul il-gwerra kien ta\u2019 kull filg\u0127axija jqieg\u0127ed lil \u0120es\u00f9 sagrament f\u2019post aktar kenni f\u2019toqba fil-\u0127ajt tal-knisja. Saru wkoll features fuq \u0127ajjet Dun Luret u fuq il-vjatku.<\/p>\n<p style=\"text-align: left;\"><a href=\"http:\/\/www.bandasanfilep.com.mt\/wp-content\/uploads\/2015\/01\/DSCF3452.jpg\"><img loading=\"lazy\" decoding=\"async\" class=\" size-medium wp-image-877 alignleft\" src=\"http:\/\/www.bandasanfilep.com.mt\/wp-content\/uploads\/2015\/01\/DSCF3452-300x169.jpg\" alt=\"DSCF3452\" width=\"300\" height=\"169\"><\/a><\/p>\n<p style=\"text-align: justify;\">Imma l-aktar parti li spikkat kienet l-intervista li Dr Philip Sciortino g\u0127amel lil erba\u2019 anzjani li f\u2019\u017cog\u0127\u017cithom kienu mid\u0127la ta\u2019 Dun Luret. Dawn kienu Leone u \u0127uh Carmelo Chircop, Joe Axiaq u Salvu Chetcuti.B\u2019mod mill-aktar spontanju u awtentiku dawn irrakkuntaw aneddoti li huma g\u0127exuhom ma Dun Luret u li jiddeskrivu l-karattru ta\u2019 dan il-qassis umli u dedikat li kien jinsa lilu nnifsu biex jaqdi lill-o\u0127rajn, li miet fqir g\u0127ax ta kulma kellu lil foqra, li kien jo\u0127ro\u0121 bil-vjatku kull meta jkun hemm moribond fil-parro\u010b\u010ba bla ma jqis il-\u0127in tal-jum jew x\u2019temp kien.<\/p>\n<p style=\"text-align: justify;\">Deher \u010bar kemm Dun Luret li serva b\u0127ala vi\u010bi-ar\u010bipriet ta\u2019 \u0126a\u017c-\u017bebbu\u0121 g\u0127al 35 sena, prokuratur tal-festa tal-Madonna tar-Ru\u017carju u uffi\u010bjal tal-Ka\u017cin Banda San Filep, kien ma\u0127bub mill-poplu.<\/p>\n<p style=\"text-align: justify;\">Lejn it-tmiem is-Sur Joseph Callus, pro-neputi ta\u2019 Dun Luret ippre\u017centa lill-G\u0127aqda dizzjunarju li kien ju\u017ca Dun Luret. Kien l-uniku o\u0121\u0121et li hu kellu ta\u2019 dal-qassis ma\u0127bub.<\/p>\n<p style=\"text-align: justify;\">Ippre\u017centaw Tanya Borg u Brian Bonnici. Is-serata li kienet imtella\u2019 mill-Kummissjonijiet tal-Banda u tal-Kultura.<\/p>\n<p style=\"text-align: justify;\"><a href=\"http:\/\/www.bandasanfilep.com.mt\/Downloads\/Prog_Tifkira_50%20sena-D%20Luret%20Callus.pdf\" target=\"_blank\" rel=\"noopener\"><i class=\"fa-solid fa-download\"><\/i> Programm u taghrif dwar il-muzika.<\/a><\/p>\n<p style=\"text-align: right;\">Kitba: Philip Balzan \u00a9<\/p>\n","protected":false},"excerpt":{"rendered":"<p>Nhar is-Sibt 6 t\u2019Ottubru 2012 filg\u0127axija, udjenza numeru\u017ca \u0127afna segwiet b\u2019attenzjoni l-programmm ta\u2019 serata \u0127elwa m\u017cewqa b\u2019mu\u017cika, kant, filmati, features u intervisti. Minkejja li l-programm qabe\u017c is-sag\u0127tejn, in-nies baqg\u0127u sa l-a\u0127\u0127ar u wara bosta kkummentaw li sabuh interessanti, varjat u bilan\u010bjat tajjeb. L-okka\u017c\u017cjoni kienet it-tifkira tal-\u0127amsin sena mill-mewt ta\u2019 Dun Luret Callus eks-President u Direttur [&hellip;]<\/p>\n","protected":false},"author":1,"featured_media":6146,"comment_status":"closed","ping_status":"closed","sticky":false,"template":"single-templates\/single-sidebar-featuredImg-none copy.php","format":"standard","meta":{"footnotes":""},"categories":[5],"tags":[],"class_list":["post-5838","post","type-post","status-publish","format-standard","has-post-thumbnail","hentry","category-programmi-specjali-attivitajiet"],"_links":{"self":[{"href":"https:\/\/bandasanfilep.com.mt\/index.php\/wp-json\/wp\/v2\/posts\/5838","targetHints":{"allow":["GET"]}}],"collection":[{"href":"https:\/\/bandasanfilep.com.mt\/index.php\/wp-json\/wp\/v2\/posts"}],"about":[{"href":"https:\/\/bandasanfilep.com.mt\/index.php\/wp-json\/wp\/v2\/types\/post"}],"author":[{"embeddable":true,"href":"https:\/\/bandasanfilep.com.mt\/index.php\/wp-json\/wp\/v2\/users\/1"}],"replies":[{"embeddable":true,"href":"https:\/\/bandasanfilep.com.mt\/index.php\/wp-json\/wp\/v2\/comments?post=5838"}],"version-history":[{"count":2,"href":"https:\/\/bandasanfilep.com.mt\/index.php\/wp-json\/wp\/v2\/posts\/5838\/revisions"}],"predecessor-version":[{"id":6147,"href":"https:\/\/bandasanfilep.com.mt\/index.php\/wp-json\/wp\/v2\/posts\/5838\/revisions\/6147"}],"wp:featuredmedia":[{"embeddable":true,"href":"https:\/\/bandasanfilep.com.mt\/index.php\/wp-json\/wp\/v2\/media\/6146"}],"wp:attachment":[{"href":"https:\/\/bandasanfilep.com.mt\/index.php\/wp-json\/wp\/v2\/media?parent=5838"}],"wp:term":[{"taxonomy":"category","embeddable":true,"href":"https:\/\/bandasanfilep.com.mt\/index.php\/wp-json\/wp\/v2\/categories?post=5838"},{"taxonomy":"post_tag","embeddable":true,"href":"https:\/\/bandasanfilep.com.mt\/index.php\/wp-json\/wp\/v2\/tags?post=5838"}],"curies":[{"name":"wp","href":"https:\/\/api.w.org\/{rel}","templated":true}]}}