{"id":5839,"date":"2015-01-08T23:17:42","date_gmt":"2015-01-08T22:17:42","guid":{"rendered":"http:\/\/www.bandasanfilep.com.mt\/TestSite\/?p=803"},"modified":"2025-07-19T17:23:29","modified_gmt":"2025-07-19T17:23:29","slug":"rapprezentazzjoni-hajja-tal-vjatku-mis-st-philip-pageant-group","status":"publish","type":"post","link":"https:\/\/bandasanfilep.com.mt\/index.php\/2015\/01\/08\/rapprezentazzjoni-hajja-tal-vjatku-mis-st-philip-pageant-group\/","title":{"rendered":"Rappre\u017centazzjoni \u0127ajja tal-Vjatku mis-St Philip Pageant Group"},"content":{"rendered":"<p style=\"text-align: center;\"><a href=\"https:\/\/www.bandasanfilep.com.mt\/wp-content\/uploads\/2015\/01\/DSCF3559Copy.jpg\"><img loading=\"lazy\" decoding=\"async\" class=\"alignnone size-medium wp-image-804\" src=\"https:\/\/www.bandasanfilep.com.mt\/wp-content\/uploads\/2015\/01\/DSCF3559Copy-300x169.jpg\" alt=\"DSCF3559Copy\" width=\"300\" height=\"169\"><\/a><\/p>\n<p style=\"text-align: justify;\">Minbarra l-konnessjoni diretta mal-G\u0127aqda tal-Banda San Filep, Dun Luret baqa\u2019 mag\u0127ruf g\u0127all-\u0127idmiet pastorali tieg\u0127u fost il-poplu \u017bebbu\u0121i. U minn fost dawn, l-aktar li baqa\u2019 mfakkar kien g\u0127all-impenn kbir tieg\u0127u biex jie\u0127u l-vjatku lill-moribondi f\u2019kull \u0127in tal-jum jew tal-lejl, xitwa u sajf.<\/p>\n<p style=\"text-align: justify;\">G\u0127al din ir-ra\u0121uni s-St. Philip Pageant Group fi \u0127dan il-Kummissjoni Kultura tal-G\u0127aqda Ka\u017cin Banda San Filep AD1851 g\u0127amel rappre\u017centazzjoni \u0127ajja tal-vjatku fit-toroq ewlenin ta\u2019 \u0126a\u017c-\u017bebbu\u0121 nhar il-\u0126add 7 t\u2019Ottubru 2012 filg\u0127odu. Din bdiet minn fuq iz-zuntier tal-Knisja Parrokkjali u g\u0127addiet minn dawn it-toroq: il-Kbira, Santu Rokku, Mamo, Sant\u2019Antnin, il-Knisja, il-Parro\u010b\u010ba, San \u0120u\u017cepp, Tal-An\u0121li u lura fil-pjazza.<\/p>\n<p style=\"text-align: right;\">Kitba: Philip Balzan \u00a9<\/p>\n","protected":false},"excerpt":{"rendered":"<p>Minbarra l-konnessjoni diretta mal-G\u0127aqda tal-Banda San Filep, Dun Luret baqa\u2019 mag\u0127ruf g\u0127all-\u0127idmiet pastorali tieg\u0127u fost il-poplu \u017bebbu\u0121i. U minn fost dawn, l-aktar li baqa\u2019 mfakkar kien g\u0127all-impenn kbir tieg\u0127u biex jie\u0127u l-vjatku lill-moribondi f\u2019kull \u0127in tal-jum jew tal-lejl, xitwa u sajf. G\u0127al din ir-ra\u0121uni s-St. Philip Pageant Group fi \u0127dan il-Kummissjoni Kultura tal-G\u0127aqda Ka\u017cin Banda [&hellip;]<\/p>\n","protected":false},"author":1,"featured_media":6148,"comment_status":"closed","ping_status":"closed","sticky":false,"template":"single-templates\/single-sidebar-featuredImg-none copy.php","format":"standard","meta":{"footnotes":""},"categories":[5],"tags":[],"class_list":["post-5839","post","type-post","status-publish","format-standard","has-post-thumbnail","hentry","category-programmi-specjali-attivitajiet"],"_links":{"self":[{"href":"https:\/\/bandasanfilep.com.mt\/index.php\/wp-json\/wp\/v2\/posts\/5839","targetHints":{"allow":["GET"]}}],"collection":[{"href":"https:\/\/bandasanfilep.com.mt\/index.php\/wp-json\/wp\/v2\/posts"}],"about":[{"href":"https:\/\/bandasanfilep.com.mt\/index.php\/wp-json\/wp\/v2\/types\/post"}],"author":[{"embeddable":true,"href":"https:\/\/bandasanfilep.com.mt\/index.php\/wp-json\/wp\/v2\/users\/1"}],"replies":[{"embeddable":true,"href":"https:\/\/bandasanfilep.com.mt\/index.php\/wp-json\/wp\/v2\/comments?post=5839"}],"version-history":[{"count":2,"href":"https:\/\/bandasanfilep.com.mt\/index.php\/wp-json\/wp\/v2\/posts\/5839\/revisions"}],"predecessor-version":[{"id":6149,"href":"https:\/\/bandasanfilep.com.mt\/index.php\/wp-json\/wp\/v2\/posts\/5839\/revisions\/6149"}],"wp:featuredmedia":[{"embeddable":true,"href":"https:\/\/bandasanfilep.com.mt\/index.php\/wp-json\/wp\/v2\/media\/6148"}],"wp:attachment":[{"href":"https:\/\/bandasanfilep.com.mt\/index.php\/wp-json\/wp\/v2\/media?parent=5839"}],"wp:term":[{"taxonomy":"category","embeddable":true,"href":"https:\/\/bandasanfilep.com.mt\/index.php\/wp-json\/wp\/v2\/categories?post=5839"},{"taxonomy":"post_tag","embeddable":true,"href":"https:\/\/bandasanfilep.com.mt\/index.php\/wp-json\/wp\/v2\/tags?post=5839"}],"curies":[{"name":"wp","href":"https:\/\/api.w.org\/{rel}","templated":true}]}}