{"id":5840,"date":"2015-01-08T23:17:42","date_gmt":"2015-01-08T22:17:42","guid":{"rendered":"http:\/\/www.bandasanfilep.com.mt\/TestSite\/?p=807"},"modified":"2025-07-19T17:23:29","modified_gmt":"2025-07-19T17:23:29","slug":"serata-memorabbli-mill-banda-san-filep","status":"publish","type":"post","link":"https:\/\/bandasanfilep.com.mt\/index.php\/2015\/01\/08\/serata-memorabbli-mill-banda-san-filep\/","title":{"rendered":"Serata Memorabbli mill-Banda San Filep"},"content":{"rendered":"<p><a href=\"http:\/\/www.bandasanfilep.com.mt\/wp-content\/uploads\/2015\/01\/IMG_6430.jpg\"><img loading=\"lazy\" decoding=\"async\" class=\" wp-image-808 size-full aligncenter\" src=\"http:\/\/www.bandasanfilep.com.mt\/wp-content\/uploads\/2015\/01\/IMG_6430.jpg\" alt=\"IMG_6430\" width=\"378\" height=\"252\" \/><\/a><\/p>\n<p>Is-Sibt 18, fis-Sala Sir Temi Zammit tal-Universit\u00e1, il-Banda San Filep esegwiet programm mu\u017cikali mill-isba\u0127. Bdiet bl-Innu Popolari lil San Filep, kompliet b&#8217;g\u0127add ta\u2019 siltiet qosra me\u0127udin mill-Oratorio &#8220;San Filep Seb\u0127 A\u0121\u0121ira&#8221; ta&#8217; Richard Bugeja, mill-&#8220;Inno A San Filippo d&#8217;Agira&#8221; ta&#8217; Orlando Crescimanno, mill-Cantata &#8220;Filep&#8221; ta&#8217; Ray Sciberras, mill-Ele\u0121ija &#8220;In Sepulcrum&#8221; ta&#8217; Adeodato Gatt u mill-Lyric Suite &#8220;In Argyriensis&#8221; ta\u2019 Richard Bugeja. Dawn servew b\u0127ala t\u0127ejjija lill-udjenza g\u0127all-komposizzjoni \u0121dida li kellha tkun il-qofol tas-serata: l-Oratorju \u201cIl-\u0126olma ta\u017c-\u017bebbu\u0121in\u201d versi tal-Im\u0127allef Philip Sciberras, mu\u017cika ta\u2019 Mro Richard Bugeja. L-erbg\u0127in minuta ta\u2019 dan l-Oratorio g\u0127addew malajr wisq g\u0127ax irnexxielu jsa\u0127\u0127ar lill-udjenza numeru\u017ca li \u0121iet apposta minn \u0126a\u017c-\u017bebbu\u0121 u minn lokalitajiet o\u0127ra.<\/p>\n<p>F&#8217;dan l-Oratorio \u0127adu sehem it-tenur Joseph Aquilina, s-Sopran Joan Mangion, il-Baritonu Alfred Camilleri, il-vjolinista Dr. Joseph Chetcuti, il-kor ta\u2019 Santa Monika u n-narratur Joseph Cortis. Il-palk tas-sala kien mimli daqs bajda b&#8217;madwar sittin korista, daqstant ie\u0127or bandisti, kif ukoll is-solisti msemmija. Applaws twil u mqanqal minn udjenza li spontanjament qamet bil-wieqfa, fisser l-entusja\u017cmu ta&#8217; dawk presenti. Fuq quddiem tal-udjenza il-Ministru tal-Edukazzjoni u Xog\u0127ol, l-Onor Evarist Bartolo li kien qed jippresiedi, segwa b&#8217;attenzjoni l-programm kollu flimkien ma&#8217; l-Im\u0127allef Emeritu Dr Philip Sciberras, il-President tal-G\u0127aqda Ka\u017cin Banda San Filep, Dr Philip Sciortino u uffi\u010bjali o\u0127ra tal-istess g\u0127aqda.<\/p>\n<p>Il-programm kompla bl-innu &#8220;\u0120ie\u0127 lil San Filep&#8221; ta&#8217; Pawlu Mifsud u Richard Bugeja, kantat minn Albertine Abela, innu li \u017c\u017can\u017can ukoll f&#8217;din l-okka\u017cjoni. L-Innu tal-Banda San Filep, kitba ta&#8217; Adeodato Gatt u l-Innu Nazzjonali temmew is-serata memorabbli.<\/p>\n<p>Dawk li attendew ing\u0127ataw ktejjeb ta\u2019 g\u0127oxrin pa\u0121na mitbug\u0127 bi stil pulit u mimli b&#8217;tag\u0127rif fuq l-istatwa, l-G\u0127aqda, u ie\u0127or marbut mal-protagonisti tal-programm kif ukoll bil-lirika tal-komposizzjonijiet il-\u0121odda: l-Oratorio u l-Innu. Il-comp\u00e8res Brian Bonnici u Tanya Borg fl-interventi tag\u0127hom taw tag\u0127rif fuq l-istorja tal-istatwa tal-fidda ta&#8217; San Filep li kienet qed ti\u0121i kkommemorata fl-okka\u017cjoni tal-150 sena mill-wasla tag\u0127ha f&#8217;\u0126a\u017c-\u017bebbu\u0121. Fi tmiem is-serata kienu bosta li g\u0127amlu kummenti ta&#8217; tif\u0127ir g\u0127all-eseguzzjoni impekkabbli tal-banda ta\u0127t it-tmexxija ta&#8217; Mro Richard Bugeja u g\u0127all-kontenut u l-organizzazzjoni tas-serata.<\/p>\n<p style=\"text-align: justify;\"><a href=\"http:\/\/www.bandasanfilep.com.mt\/Downloads\/Oratorio_San_Filep_Ktejjeb_2013.pdf\" target=\"_blank\" rel=\"noopener\">[fontawesome_icon name=&#8221;fa fa-cloud-download&#8221; size=&#8221;1&#8243; type=&#8221;&#8221; color=&#8221;&#8221; style=&#8221;normal&#8221; bgcolor=&#8221;&#8221;] Ktejjeb b&#8217;tag\u0127rif fuq l-istatwa, l-G\u0127aqda, u ie\u0127or marbut mal-protagonisti tal-programm.<\/a><\/p>\n","protected":false},"excerpt":{"rendered":"<p>Is-Sibt 18, fis-Sala Sir Temi Zammit tal-Universit\u00e1, il-Banda San Filep esegwiet programm mu\u017cikali mill-isba\u0127. Bdiet bl-Innu Popolari lil San Filep, kompliet b&#8217;g\u0127add ta\u2019 siltiet qosra me\u0127udin mill-Oratorio &#8220;San Filep Seb\u0127 A\u0121\u0121ira&#8221; ta&#8217; Richard Bugeja, mill-&#8220;Inno A San Filippo d&#8217;Agira&#8221; ta&#8217; Orlando Crescimanno, mill-Cantata &#8220;Filep&#8221; ta&#8217; Ray Sciberras, mill-Ele\u0121ija &#8220;In Sepulcrum&#8221; ta&#8217; Adeodato Gatt u mill-Lyric [&hellip;]<\/p>\n","protected":false},"author":1,"featured_media":808,"comment_status":"closed","ping_status":"closed","sticky":false,"template":"single-templates\/single-sidebar-featuredImg-none copy.php","format":"standard","meta":{"footnotes":""},"categories":[5],"tags":[],"class_list":["post-5840","post","type-post","status-publish","format-standard","has-post-thumbnail","hentry","category-programmi-specjali-attivitajiet"],"_links":{"self":[{"href":"https:\/\/bandasanfilep.com.mt\/index.php\/wp-json\/wp\/v2\/posts\/5840","targetHints":{"allow":["GET"]}}],"collection":[{"href":"https:\/\/bandasanfilep.com.mt\/index.php\/wp-json\/wp\/v2\/posts"}],"about":[{"href":"https:\/\/bandasanfilep.com.mt\/index.php\/wp-json\/wp\/v2\/types\/post"}],"author":[{"embeddable":true,"href":"https:\/\/bandasanfilep.com.mt\/index.php\/wp-json\/wp\/v2\/users\/1"}],"replies":[{"embeddable":true,"href":"https:\/\/bandasanfilep.com.mt\/index.php\/wp-json\/wp\/v2\/comments?post=5840"}],"version-history":[{"count":1,"href":"https:\/\/bandasanfilep.com.mt\/index.php\/wp-json\/wp\/v2\/posts\/5840\/revisions"}],"predecessor-version":[{"id":6118,"href":"https:\/\/bandasanfilep.com.mt\/index.php\/wp-json\/wp\/v2\/posts\/5840\/revisions\/6118"}],"wp:featuredmedia":[{"embeddable":true,"href":"https:\/\/bandasanfilep.com.mt\/index.php\/wp-json\/wp\/v2\/menu-items\/808"}],"wp:attachment":[{"href":"https:\/\/bandasanfilep.com.mt\/index.php\/wp-json\/wp\/v2\/media?parent=5840"}],"wp:term":[{"taxonomy":"category","embeddable":true,"href":"https:\/\/bandasanfilep.com.mt\/index.php\/wp-json\/wp\/v2\/categories?post=5840"},{"taxonomy":"post_tag","embeddable":true,"href":"https:\/\/bandasanfilep.com.mt\/index.php\/wp-json\/wp\/v2\/tags?post=5840"}],"curies":[{"name":"wp","href":"https:\/\/api.w.org\/{rel}","templated":true}]}}