{"id":612,"date":"2015-01-04T22:30:51","date_gmt":"2015-01-04T21:30:51","guid":{"rendered":"http:\/\/www.bandasanfilep.com.mt\/TestSite\/?p=612"},"modified":"2025-07-19T17:23:29","modified_gmt":"2025-07-19T17:23:29","slug":"protest-gudizzjarju-mill-ghaqda-kazin-banda-san-filep-lill-banda-de-rohan","status":"publish","type":"post","link":"https:\/\/bandasanfilep.com.mt\/index.php\/2015\/01\/04\/protest-gudizzjarju-mill-ghaqda-kazin-banda-san-filep-lill-banda-de-rohan\/","title":{"rendered":"Protest \u0120udizzjarju mill-G\u0127aqda Ka\u017cin Banda San Filep lill-Banda De Rohan"},"content":{"rendered":"<p style=\"text-align: justify;\">Fl-ewwel paragrafu ta\u2019 artiklu miktub mis-Segretarju tal-Ka\u017cin San \u0120u\u017cepp, Banda De Rohan li deher f\u2019pa\u0121na 19 ta\u2019 Le\u0127en il-Kunsill Lokali, \u0127ar\u0121a ta\u2019 Lulju 2010,inkiteb hekk \u201cKien fl-1860, li f\u2019\u0126a\u017c-\u017bebbu\u0121 twaqqfet l-ewwel banda fil-g\u017cejjer Maltin u G\u0127awdxin \u2013 il-Banda De Rohan.\u201d Din il-po\u017cizzjoni qed ti\u0121i ripetuta fuq billboards u kartelluni kbar li l-Ka\u017cin San \u0120u\u017cepp, Banda De Rohan qieg\u0127ed ta\u2019 kull sena jwa\u0127\u0127al fit-truf ta\u2019 \u0126a\u017c-\u017bebbu\u0121 u li j\u0127allihom hemm g\u0127al xhur s\u0127a\u0127 anke wara li tkun g\u0127addiet il-festa. Fl-2011 fil-pjazza sa waslu g\u0127amlu kartellun li jista jitqies offensiv, n\u0121urju\u017c u nieqes minn kull prudenza. Kartellun ma\u0127sub li jo\u0127loq jew ikabbar firda minflok il-g\u0127aqda li suppost i\u0121\u0121ib festa. Kartellun li \u0121ibed fuq min g\u0127amlu l-istmerrija ta\u017c-\u017bebbu\u0121in.<\/p>\n<figure id=\"attachment_613\" aria-describedby=\"caption-attachment-613\" style=\"width: 300px\" class=\"wp-caption alignleft\"><a href=\"http:\/\/www.bandasanfilep.com.mt\/wp-content\/uploads\/2015\/01\/ProtestGudizzjarju.jpg\"><img loading=\"lazy\" decoding=\"async\" class=\"size-medium wp-image-613\" src=\"http:\/\/www.bandasanfilep.com.mt\/wp-content\/uploads\/2015\/01\/ProtestGudizzjarju-300x146.jpg\" alt=\"Parti mil-kontenut tal-protest \u0121udizzjarju\" width=\"300\" height=\"146\" srcset=\"https:\/\/bandasanfilep.com.mt\/wp-content\/uploads\/2015\/01\/ProtestGudizzjarju-300x146.jpg 300w, https:\/\/bandasanfilep.com.mt\/wp-content\/uploads\/2015\/01\/ProtestGudizzjarju.jpg 443w\" sizes=\"auto, (max-width: 300px) 100vw, 300px\" \/><\/a><figcaption id=\"caption-attachment-613\" class=\"wp-caption-text\">Parti mil-kontenut tal-protest \u0121udizzjarju<\/figcaption><\/figure>\n<p style=\"text-align: justify;\">Jidher li meta fil-passat il-G\u0127aqda Ka\u017cin Banda San Filep AD1851 \u017cammet pass lura bl-intenzjoni li fir-ra\u0127al ma jo\u0127loqx disgwid, dan l-g\u0127a\u0121ir \u0121ie miftiehem \u0127a\u017cin minn xi w\u0127ud li \u0127adu\u0127 b\u0127ala sinjal ta\u2019 djufija. Dan huwa l-bog\u0127od mill-verit\u00e0. Kien g\u0127alhekk li din is-sena l-G\u0127aqda Ka\u017cin Banda San Filep AD1851 kienet kostretta tibdel it-tattika u tat \u017cew\u0121 sinjali qawwijja li l-fehma tag\u0127ha hija soda aktar minn qatt qabel u li ma hix lesta t\u0127alli lil min i\u017ceblaha.<\/p>\n<p style=\"text-align: justify;\">Tul din il-kontroversja dwar il-bidu tal-baned f\u2019\u0126a\u017c-\u017bebbu\u0121 inkixfu dokumenti awtenti\u010bi li jag\u0127tu prova li l-Banda San Filep ilha almenu mill-1851 li bdiet tissemma b\u2019isimha fl-arkivju tal-Parro\u010b\u010ba u li baqg\u0127et kontinwament tiffun\u017cjona sal-lum bl-istess isem.<\/p>\n<p style=\"text-align: justify;\">Din il-verit\u00e0 li ilha ssostni l-G\u0127aqda Ka\u017cin Banda San Filep AD 1851, u li \u0121iet ikkomfermata mix-xhieda li kienu taw diversi xju\u0127 li kellhom nieshom imda\u0127\u0127la fil-kumitat tal-bidu tal-Banda di San Filippo. \u0126dejn id-dokumenti ma joqg\u0127od xejn. U d-dokumenti juru \u010bar li l-Banda San Filep ilha kontinwament \u0127ajja u attiva almenu sa mill-1851.<\/p>\n<p style=\"text-align: justify;\">Min-na\u0127a l-o\u0127ra ma tressaq l-ebda dokument li juri li l-Banda del Zebbug u wisq anqas il-Banda De Rohan kienet te\u017cisti qabel l-1878. In\u0127ossu li hija pru\u017cunzjoni kbira li fil-ktieb \u201cBelt u Banda De Rohan\u201d ippubblikat mill-Ka\u017cin San \u0120u\u017cepp, Banda De Rohan fl-2010 \u0121ew injurati g\u0127al kollox dokumenti awtenti\u010bi li jippruvaw l-e\u017cistenz u l-\u0127idma tal-Banda di San Filippo u tas-so\u010bjet\u00e0 tag\u0127ha mill-1851 \u2018il quddiem. Dan sar min\u0127abba li dawn id-dokumenti kienu jwaqqg\u0127u it-te\u017ci li jridu jbellg\u0127u lil poplu \u017bebbu\u0121i. Fatti stori\u010bi ma jinbidlux b\u2019allegazzjonijiet kemm jekk isiru f\u2019kitbiet inkella fuq kartelluni.<\/p>\n<p style=\"text-align: justify;\">L-appell tag\u0127na hu li waqt li nirrispettaw il-verit\u00e0 storika kif hija ppruvata mid-dokumenti, g\u0121andna n\u017commu quddiem g\u0127ajnejna li qabel ma nqisu ru\u0127na ta\u2019 ka\u017cin jew ie\u0127or, l-ewwel a\u0127na lkoll \u017bebbu\u0121in. Li jista\u2019 jinbidel huwa biss kemm nifhmu u kif ninterpretaw it-tag\u0127rif misjub. G\u0127andna nag\u0127tu importanza akbar lil fatt li \u0126a\u017c-\u017bebbu\u0121 g\u0127andu jitqies b\u0127ala l-benniena tal-baned Maltin kif nafuhom illum. Ta\u2019 dan g\u0127andna nkunu kburin b\u0127ala \u017bebbu\u0121in u nfittxu li nkomplu nag\u0127mlu unur lil beltna.<\/p>\n<p style=\"text-align: justify;\"><a href=\"http:\/\/www.bandasanfilep.com.mt\/Downloads\/Protest_Gudizzjarju.pdf\" target=\"_blank\" rel=\"noopener\"><i class=\"fa-solid fa-download\"><\/i> Aqra il-kontenut tal-protest \u0121udizzjarju<\/a><\/p>\n","protected":false},"excerpt":{"rendered":"<p>Fl-ewwel paragrafu ta\u2019 artiklu miktub mis-Segretarju tal-Ka\u017cin San \u0120u\u017cepp, Banda De Rohan li deher f\u2019pa\u0121na 19 ta\u2019 Le\u0127en il-Kunsill Lokali, \u0127ar\u0121a ta\u2019 Lulju 2010,inkiteb hekk \u201cKien fl-1860, li f\u2019\u0126a\u017c-\u017bebbu\u0121 twaqqfet l-ewwel banda fil-g\u017cejjer Maltin u G\u0127awdxin \u2013 il-Banda De Rohan.\u201d Din il-po\u017cizzjoni qed ti\u0121i ripetuta fuq billboards u kartelluni kbar li l-Ka\u017cin San \u0120u\u017cepp, Banda [&hellip;]<\/p>\n","protected":false},"author":1,"featured_media":0,"comment_status":"closed","ping_status":"closed","sticky":false,"template":"single-templates\/single-sidebar-featuredImg-none copy.php","format":"standard","meta":{"footnotes":""},"categories":[3],"tags":[],"class_list":["post-612","post","type-post","status-publish","format-standard","hentry","category-pagni-ohra"],"_links":{"self":[{"href":"https:\/\/bandasanfilep.com.mt\/index.php\/wp-json\/wp\/v2\/posts\/612","targetHints":{"allow":["GET"]}}],"collection":[{"href":"https:\/\/bandasanfilep.com.mt\/index.php\/wp-json\/wp\/v2\/posts"}],"about":[{"href":"https:\/\/bandasanfilep.com.mt\/index.php\/wp-json\/wp\/v2\/types\/post"}],"author":[{"embeddable":true,"href":"https:\/\/bandasanfilep.com.mt\/index.php\/wp-json\/wp\/v2\/users\/1"}],"replies":[{"embeddable":true,"href":"https:\/\/bandasanfilep.com.mt\/index.php\/wp-json\/wp\/v2\/comments?post=612"}],"version-history":[{"count":2,"href":"https:\/\/bandasanfilep.com.mt\/index.php\/wp-json\/wp\/v2\/posts\/612\/revisions"}],"predecessor-version":[{"id":6144,"href":"https:\/\/bandasanfilep.com.mt\/index.php\/wp-json\/wp\/v2\/posts\/612\/revisions\/6144"}],"wp:attachment":[{"href":"https:\/\/bandasanfilep.com.mt\/index.php\/wp-json\/wp\/v2\/media?parent=612"}],"wp:term":[{"taxonomy":"category","embeddable":true,"href":"https:\/\/bandasanfilep.com.mt\/index.php\/wp-json\/wp\/v2\/categories?post=612"},{"taxonomy":"post_tag","embeddable":true,"href":"https:\/\/bandasanfilep.com.mt\/index.php\/wp-json\/wp\/v2\/tags?post=612"}],"curies":[{"name":"wp","href":"https:\/\/api.w.org\/{rel}","templated":true}]}}