{"id":772,"date":"2015-01-08T23:17:42","date_gmt":"2015-01-08T22:17:42","guid":{"rendered":"http:\/\/www.bandasanfilep.com.mt\/TestSite\/?p=772"},"modified":"2022-10-11T16:43:06","modified_gmt":"2022-10-11T16:43:06","slug":"luigi-fontana-jibqa-maghna-100-sena-wara-mewtu","status":"publish","type":"post","link":"https:\/\/bandasanfilep.com.mt\/index.php\/2015\/01\/08\/luigi-fontana-jibqa-maghna-100-sena-wara-mewtu\/","title":{"rendered":"Luigi Fontana jibqa\u2019 mag\u0127na 100 sena wara mewtu"},"content":{"rendered":"<figure id=\"attachment_773\" aria-describedby=\"caption-attachment-773\" style=\"width: 242px\" class=\"wp-caption alignleft\"><a href=\"http:\/\/www.bandasanfilep.com.mt\/wp-content\/uploads\/2015\/01\/Picture113.jpg\"><img loading=\"lazy\" decoding=\"async\" class=\"size-medium wp-image-773\" src=\"http:\/\/www.bandasanfilep.com.mt\/wp-content\/uploads\/2015\/01\/Picture113-242x300.jpg\" alt=\"Luigi Fontana\" width=\"242\" height=\"300\" srcset=\"https:\/\/bandasanfilep.com.mt\/wp-content\/uploads\/2015\/01\/Picture113-242x300.jpg 242w, https:\/\/bandasanfilep.com.mt\/wp-content\/uploads\/2015\/01\/Picture113.jpg 488w\" sizes=\"auto, (max-width: 242px) 100vw, 242px\" \/><\/a><figcaption id=\"caption-attachment-773\" class=\"wp-caption-text\">Luigi Fontana<\/figcaption><\/figure>\n<p style=\"text-align: justify;\">Luigi Fontana twieled fir-ra\u0127al \u017cg\u0127ir ta\u2019 madwar 2300 ru\u0127, imsejja\u0127 Monte San Pietrangeli (Monsapietrangeli) fid-29 ta\u2019 Marzu tal-1827 u miet fl-istess ra\u0127al twelidu fit-18 ta\u2019 Di\u010bembru tal-1908. Jibqa\u2019 mag\u0127ruf b\u0127ala artist Neo-Klassiku permezz tax-xog\u0127lijet tieg\u0127u madwar l-Italja kollha, fl-iskultura, fil-pittura fuq it-tila bi\u017c-\u017cejt u t-tempera, b\u0127ala arkitett u anke b\u0127ala restawratur.<\/p>\n<p style=\"text-align: justify;\">Il-familja Fontana li ori\u0121inarjament kienet minn Ti\u010bino llum parti mill-I\u017cvizzera Taljana, ni\u017clet tg\u0127ix fir-re\u0121jun tal-Ascoli Piceno min\u0127abba din il-kummissjoni.<\/p>\n<p style=\"text-align: justify;\">Luigi kien ir-raba\u2019 wild mill-\u0127amsa li kellhom Tommaso u Teresa, xebba Barbarossa. Fl-awtobijografija qasira tieg\u0127u mi\u0121bura g\u0127al dizzjunarju artistiku tal-epoka, huwa jistqarr li l-ewwel \u0121ibda g\u0127all-arti \u0127assha ta\u2019 g\u0127axar snin.<\/p>\n<p style=\"text-align: justify;\">Ommu, wara li osservat din il-\u0127ajra ta\u2019 binha, fl-eta ta\u2019 \u0127dax-il sena \u0127aditu l-Li\u010beo ta\u2019 Macerata g\u0127all-istudju tal-arkitettura u l-ornat ta\u0127t il-Professur Gaetano Ferri minn Bologna. Hawnhekk huwa qatta\u2019 tliet snin, kull sena jirba\u0127 il-premjijiet fil-kompetizzjonijiet annwali bejn l-istudenti.<br \/>\nTa\u2019 \u0127mistax-il sena Luigi mar ja\u0127dem b\u0127ala aljiev ma\u2019 Gaetano Palmaroli (imwieled Grottamare) waqt li kien qieg\u0127ed ja\u0127dem fil-belt ta\u2019 Fermo. Palmaroli u Fontana kienu jaqblu \u0127afna i\u017cda matul i\u017c-\u017cmien li damu flimkien Fontana sema\u2019 \u0127afna dwar dak li kien qed ji\u0121ri fil-qasam tal-arti f\u2019Ruma u spe\u010bjalment dwar l-img\u0127allem ta\u2019 Palmaroli, Tommaso Minardi.<\/p>\n<p style=\"text-align: justify;\">Tommaso Minardi mill-1825 sa mewtu fl-1871, iddomina l-arti \u0121ewwa Ruma waqt il-perjodu tar-Risor\u0121imento. Huwa mhux biss kien artist i\u017cda kien ukoll g\u0127alliem u qrib ta\u2019 \u0127afna persona\u0121\u0121i influwenti u anke tal-Papa Piju IX. Kien l-artist uffi\u010bjali tal-Papa. Fontana spi\u010b\u010ba wie\u0127ed mill-aljievi l-aktar qrib ta\u2019 Minardi u g\u0127alhekk sabiex nifhmu lil Fontana, irridu naraw min kien Minardi. Tommaso Minardi tg\u0127allem fl-ambjent Neo-Klassiku, l-istil artistiku predominanti ta\u2019 dawn i\u017c-\u017cminijiet.<\/p>\n<p style=\"text-align: justify;\"><a href=\"http:\/\/www.bandasanfilep.com.mt\/wp-content\/uploads\/2015\/01\/Picture33.jpg\"><img loading=\"lazy\" decoding=\"async\" class=\" size-medium wp-image-848 alignright\" src=\"http:\/\/www.bandasanfilep.com.mt\/wp-content\/uploads\/2015\/01\/Picture33-219x300.jpg\" alt=\"Picture3\" width=\"219\" height=\"300\"><\/a><\/p>\n<p style=\"text-align: justify;\">F\u2019dak il-perjodu Minardi kien stabbilixxa ru\u0127u b\u0127ala amministratur g\u0127all-\u0127arsien u r-restawr tal-patrimonju artistiku enormi tal-belt ta\u2019 Ruma li sa dak i\u017c-\u017cmien kienet ta\u0127t idejn il-Papiet, xog\u0127ol li \u017cgur li qasam mal-aljievi ewlenin tieg\u0127u fosthom Fontana. Dan ir\u010bieva ming\u0127and Minardi stess l-istedina sabiex jer\u0121a\u2019 lura ja\u0127dem mieg\u0127u. Dan offrielu li joqg\u0127od g\u0127andu ming\u0127ajr \u0127las u li ja\u0127dem mieg\u0127u fl-istudju ta\u2019 Palazzo Colonna u wara ta\u2019 Palazz Doria.<\/p>\n<p style=\"text-align: justify;\">F\u2019Ruma Fontana malajr sab ru\u0127u jistudja fl-Akkademja tal-Arti ta\u2019 San Luqa fejn Minardi kien ukoll Professur tad-Disinn. Wara l-ewwel sena hu rnexxielu ji\u0121i l-ewwel f\u2019kompetizzjoni tal-pittura u o\u0127ra tal-immudellar bit-tafal g\u0127all-istudenti tat-tielet sena, u g\u0127al figura s\u0127i\u0127a u mhux ras biss kif kien mistenni minnu. Wara dan is-su\u010b\u010bess marad bit-tifu u spi\u010b\u010ba jqatta\u2019 tliet snin id-dar t\u2019ommu biex jirkupra. G\u0127all-\u0127abta tal-1860, meta Fontana kellu biss 34 sena, kiseb ix-xog\u0127ol tal-istatwa ta\u2019 San Filep. Minardi kien la\u0127aq il-qu\u010b\u010bata tal-popolarit\u00e0 tieg\u0127u, x\u2019aktarx kien hu wa\u0127du jew flimkien ma\u2019 Overbeck li g\u0127a\u017clu lil Fontana g\u0127al dan ix-xog\u0127ol.<\/p>\n<p style=\"text-align: justify;\">Luigi g\u0127ex Ruma sa ma fl-1896 irtira mix-xog\u0127ol u mar lura lejn ra\u0127al twelidu fejn miet ta\u2019 81 sena fis- 27 ta\u2019 Di\u010bembru 1908. Huwa jinsab midfun fi\u010b-\u010bimiterju tal-post. Hu jibqa\u2019 msemmi g\u0127ax-xog\u0127ol ta\u2019 natura reli\u0121ju\u017ca spe\u010bjalment fil-pittura. Fil-bidu tal-karriera tieg\u0127u hu \u0127addan g\u0127alkollox l-istil purista kif \u017cviluppat minn Minardi, i\u017cda wara kompla jda\u0127\u0127al elementi minn stili o\u0127ra fejn kien jixraq. Ix-xog\u0127ol imponenti tieg\u0127u fuq San Filep kien tah spinta qawwija u stabbilieh b\u0127ala artist ta\u2019 kalibru.<\/p>\n<p style=\"text-align: right;\">Kitba: Philip Balzan \u00a9<\/p>\n","protected":false},"excerpt":{"rendered":"<p>Luigi Fontana twieled fir-ra\u0127al \u017cg\u0127ir ta\u2019 madwar 2300 ru\u0127, imsejja\u0127 Monte San Pietrangeli (Monsapietrangeli) fid-29 ta\u2019 Marzu tal-1827 u miet fl-istess ra\u0127al twelidu fit-18 ta\u2019 Di\u010bembru tal-1908. Jibqa\u2019 mag\u0127ruf b\u0127ala artist Neo-Klassiku permezz tax-xog\u0127lijet tieg\u0127u madwar l-Italja kollha, fl-iskultura, fil-pittura fuq it-tila bi\u017c-\u017cejt u t-tempera, b\u0127ala arkitett u anke b\u0127ala restawratur. Il-familja Fontana li ori\u0121inarjament [&hellip;]<\/p>\n","protected":false},"author":1,"featured_media":773,"comment_status":"closed","ping_status":"closed","sticky":false,"template":"single-templates\/single-sidebar-title-none.php","format":"standard","meta":{"footnotes":""},"categories":[5],"tags":[],"class_list":["post-772","post","type-post","status-publish","format-standard","has-post-thumbnail","hentry","category-programmi-specjali-attivitajiet"],"_links":{"self":[{"href":"https:\/\/bandasanfilep.com.mt\/index.php\/wp-json\/wp\/v2\/posts\/772","targetHints":{"allow":["GET"]}}],"collection":[{"href":"https:\/\/bandasanfilep.com.mt\/index.php\/wp-json\/wp\/v2\/posts"}],"about":[{"href":"https:\/\/bandasanfilep.com.mt\/index.php\/wp-json\/wp\/v2\/types\/post"}],"author":[{"embeddable":true,"href":"https:\/\/bandasanfilep.com.mt\/index.php\/wp-json\/wp\/v2\/users\/1"}],"replies":[{"embeddable":true,"href":"https:\/\/bandasanfilep.com.mt\/index.php\/wp-json\/wp\/v2\/comments?post=772"}],"version-history":[{"count":2,"href":"https:\/\/bandasanfilep.com.mt\/index.php\/wp-json\/wp\/v2\/posts\/772\/revisions"}],"predecessor-version":[{"id":6073,"href":"https:\/\/bandasanfilep.com.mt\/index.php\/wp-json\/wp\/v2\/posts\/772\/revisions\/6073"}],"wp:featuredmedia":[{"embeddable":true,"href":"https:\/\/bandasanfilep.com.mt\/index.php\/wp-json\/wp\/v2\/media\/773"}],"wp:attachment":[{"href":"https:\/\/bandasanfilep.com.mt\/index.php\/wp-json\/wp\/v2\/media?parent=772"}],"wp:term":[{"taxonomy":"category","embeddable":true,"href":"https:\/\/bandasanfilep.com.mt\/index.php\/wp-json\/wp\/v2\/categories?post=772"},{"taxonomy":"post_tag","embeddable":true,"href":"https:\/\/bandasanfilep.com.mt\/index.php\/wp-json\/wp\/v2\/tags?post=772"}],"curies":[{"name":"wp","href":"https:\/\/api.w.org\/{rel}","templated":true}]}}