{"id":775,"date":"2015-01-08T23:17:42","date_gmt":"2015-01-08T22:17:42","guid":{"rendered":"http:\/\/www.bandasanfilep.com.mt\/TestSite\/?p=775"},"modified":"2015-01-08T23:17:42","modified_gmt":"2015-01-08T22:17:42","slug":"akkadmja-muziko-letterarja-fgieh-dun-karm-psaila","status":"publish","type":"post","link":"https:\/\/bandasanfilep.com.mt\/index.php\/2015\/01\/08\/akkadmja-muziko-letterarja-fgieh-dun-karm-psaila\/","title":{"rendered":"Akkadmja Mu\u017ciko-Letterarja F\u2019\u0121ie\u0127 Dun Karm Psaila"},"content":{"rendered":"<figure id=\"attachment_852\" aria-describedby=\"caption-attachment-852\" style=\"width: 195px\" class=\"wp-caption alignleft\"><a href=\"http:\/\/www.bandasanfilep.com.mt\/wp-content\/uploads\/2015\/01\/Picture115.jpg\"><img loading=\"lazy\" decoding=\"async\" class=\" wp-image-852\" src=\"http:\/\/www.bandasanfilep.com.mt\/wp-content\/uploads\/2015\/01\/Picture115-300x295.jpg\" alt=\"Dun Karm Psaila - Poeta Nazzjonali u President Onorarju tal-G\u0127aqda Ka\u017cin Banda San Filep \" width=\"195\" height=\"174\"><\/a><figcaption id=\"caption-attachment-852\" class=\"wp-caption-text\">Dun Karm Psaila &#8211; Poeta Nazzjonali u President Onorarju tal-G\u0127aqda Ka\u017cin Banda San Filep<\/figcaption><\/figure>\n<p style=\"text-align: justify;\">Il-G\u0127aqda Ka\u017cin Banda San Filep AD1851 li din is-sena qed ti\u010b\u010belebra il-160 sena mit-twaqqif tag\u0127ha, fakkret il-50 sena mill-mewt tal-Poeta Nazzjonali li kien ukoll President Onorarju tag\u0127ha, b\u2019akkademja mu\u017ciko-letterarja, nhar is-Sibt 19 ta\u2019 Frar 2011, fis-sala Mayfair tal-istess ka\u017cin, \u0126a\u017c-\u017bebbu\u0121.<\/p>\n<p style=\"text-align: justify;\">Il-kelliema kienu il-Profs Oliver Friggieri, il-Profs Peter Serracino Inglott, Frans Sammut u Dr Godfrey Farrugia. Dawn tkellmu rispetivament dwar: L-Innu Malti, Dun Karm \u2013 Poeta \u010aajtier, Sehem Dun Karm fil-Qawmien Nazzjonali Malti, u Ir-Rabta ta\u2019 Dun Karm mal-G\u0127aqda Ka\u017cin Banda San Filep. Ippresieda l-Im\u0127allef Emeritus Dr Philip Sciberras li huwa poeta \u017bebbu\u0121i.<\/p>\n<p style=\"text-align: justify;\">Grupp ta\u2019 bandisti \u017cg\u0127a\u017cag\u0127 mill-Banda San Filep daqq innijiet kompo\u017cizzjonijiet ta&#8217; \u0120u\u017ceppi Caruana b\u2019lirika ta\u2019 Dun Karm u tkantaw minn Joan Mangion, Ivan Vella u Albertine Abela.<\/p>\n<figure id=\"attachment_850\" aria-describedby=\"caption-attachment-850\" style=\"width: 300px\" class=\"wp-caption alignright\"><a href=\"http:\/\/www.bandasanfilep.com.mt\/wp-content\/uploads\/2015\/01\/DSC5679.jpg\"><img loading=\"lazy\" decoding=\"async\" class=\"size-medium wp-image-850\" src=\"http:\/\/www.bandasanfilep.com.mt\/wp-content\/uploads\/2015\/01\/DSC5679-300x214.jpg\" alt=\"Diskors min Profs Oliver Friggieri\" width=\"300\" height=\"214\"><\/a><figcaption id=\"caption-attachment-850\" class=\"wp-caption-text\">Diskors min Profs Oliver Friggieri<\/figcaption><\/figure>\n<p style=\"text-align: justify;\">Qabel ma bdiet l-akkademja, tpo\u0121\u0121iet quruna f\u2019ri\u0121el il-monument ta\u2019 Dun Karm li hawn f\u2019\u0126a\u017c-\u017bebbu\u0121 u nkixfet ir\u0127ama mal-fa\u010b\u010bata tal-Ka\u017cin San Filep li tfakkar lil Dun Karm Psaila. Grupp ta\u2019 bandisti o\u0127ra, ukoll mill-Banda San Filep daqq fanfarra waqt dawn i\u010b-\u010berimonji qosra.<\/p>\n<p style=\"text-align: justify;\">L-udjenza numeru\u017ca kienet mag\u0127mula l-aktar minn nies mid\u0127la tal-letteratura u tal-kultura Maltija u \u0121ew minn Malta kollha. Dawn sabu wkoll pubblikazzjoni bl-atti tal-akkademja u studji o\u0127ra ta\u2019 Oliver Fri\u0121\u0121ieri u Frans Sammut marbutin ma\u2019 Dun Karm.<\/p>\n<p style=\"text-align: justify;\">Il-pubbliku ma \u0127allas xejn biex gawda din l-attivit\u00e0 li kienet o\u0127ra minn sensiela twila imtellg\u0127in mill-G\u0127aqda Ka\u017cin Banda San Filep li hija g\u0127aqda volontarja li ta\u0127dem favur il-kultura.<\/p>\n<p style=\"text-align: justify;\"><a href=\"https:\/\/www.bandasanfilep.com.mt\/Downloads\/pre_Dun_Karm_Psaila_Zebbug_27-11-11.pdf\" target=\"_blank\" rel=\"noopener noreferrer\">[fontawesome_icon name=&#8221;fa fa-cloud-download&#8221; size=&#8221;1&#8243; type=&#8221;&#8221; color=&#8221;&#8221; style=&#8221;normal&#8221; bgcolor=&#8221;&#8221;] Pre\u017centazzjoni vi\u017civa fuq Dun Karm Psaila.<\/a><\/p>\n<p style=\"text-align: right;\">Kitba: Philip Balzan \u00a9<\/p>\n","protected":false},"excerpt":{"rendered":"<p>Il-G\u0127aqda Ka\u017cin Banda San Filep AD1851 li din is-sena qed ti\u010b\u010belebra il-160 sena mit-twaqqif tag\u0127ha, fakkret il-50 sena mill-mewt tal-Poeta Nazzjonali li kien ukoll President Onorarju tag\u0127ha, b\u2019akkademja mu\u017ciko-letterarja, nhar is-Sibt 19 ta\u2019 Frar 2011, fis-sala Mayfair tal-istess ka\u017cin, \u0126a\u017c-\u017bebbu\u0121. Il-kelliema kienu il-Profs Oliver Friggieri, il-Profs Peter Serracino Inglott, Frans Sammut u Dr Godfrey Farrugia. [&hellip;]<\/p>\n","protected":false},"author":1,"featured_media":776,"comment_status":"closed","ping_status":"closed","sticky":false,"template":"","format":"standard","meta":{"footnotes":""},"categories":[5],"tags":[],"class_list":["post-775","post","type-post","status-publish","format-standard","has-post-thumbnail","hentry","category-programmi-specjali-attivitajiet"],"_links":{"self":[{"href":"https:\/\/bandasanfilep.com.mt\/index.php\/wp-json\/wp\/v2\/posts\/775","targetHints":{"allow":["GET"]}}],"collection":[{"href":"https:\/\/bandasanfilep.com.mt\/index.php\/wp-json\/wp\/v2\/posts"}],"about":[{"href":"https:\/\/bandasanfilep.com.mt\/index.php\/wp-json\/wp\/v2\/types\/post"}],"author":[{"embeddable":true,"href":"https:\/\/bandasanfilep.com.mt\/index.php\/wp-json\/wp\/v2\/users\/1"}],"replies":[{"embeddable":true,"href":"https:\/\/bandasanfilep.com.mt\/index.php\/wp-json\/wp\/v2\/comments?post=775"}],"version-history":[{"count":0,"href":"https:\/\/bandasanfilep.com.mt\/index.php\/wp-json\/wp\/v2\/posts\/775\/revisions"}],"wp:featuredmedia":[{"embeddable":true,"href":"https:\/\/bandasanfilep.com.mt\/index.php\/wp-json\/wp\/v2\/media\/776"}],"wp:attachment":[{"href":"https:\/\/bandasanfilep.com.mt\/index.php\/wp-json\/wp\/v2\/media?parent=775"}],"wp:term":[{"taxonomy":"category","embeddable":true,"href":"https:\/\/bandasanfilep.com.mt\/index.php\/wp-json\/wp\/v2\/categories?post=775"},{"taxonomy":"post_tag","embeddable":true,"href":"https:\/\/bandasanfilep.com.mt\/index.php\/wp-json\/wp\/v2\/tags?post=775"}],"curies":[{"name":"wp","href":"https:\/\/api.w.org\/{rel}","templated":true}]}}