{"id":779,"date":"2015-01-08T23:17:42","date_gmt":"2015-01-08T22:17:42","guid":{"rendered":"http:\/\/www.bandasanfilep.com.mt\/TestSite\/?p=779"},"modified":"2026-03-19T11:59:10","modified_gmt":"2026-03-19T11:59:10","slug":"wirjiet-tal-gimgha-mqaddsa","status":"publish","type":"post","link":"https:\/\/bandasanfilep.com.mt\/index.php\/2015\/01\/08\/wirjiet-tal-gimgha-mqaddsa\/","title":{"rendered":"Wirjiet tal-\u0120img\u0127a Mqaddsa"},"content":{"rendered":"<p style=\"text-align: center;\"><a href=\"http:\/\/www.bandasanfilep.com.mt\/wp-content\/uploads\/2015\/01\/DSC0435.jpg\"><img loading=\"lazy\" decoding=\"async\" class=\"alignnone wp-image-780 size-full\" src=\"http:\/\/www.bandasanfilep.com.mt\/wp-content\/uploads\/2015\/01\/DSC0435.jpg\" alt=\"_DSC0435\" width=\"448\" height=\"298\" srcset=\"https:\/\/bandasanfilep.com.mt\/wp-content\/uploads\/2015\/01\/DSC0435.jpg 448w, https:\/\/bandasanfilep.com.mt\/wp-content\/uploads\/2015\/01\/DSC0435-300x200.jpg 300w\" sizes=\"auto, (max-width: 448px) 100vw, 448px\" \/><\/a><\/p>\n<p style=\"text-align: justify;\"><strong>Is-sitt wirjiet <\/strong>fil-Ka\u017cin Banda San Filep, 12, Misra\u0127 San Filep, \u0126a\u017c-\u017cebbu\u0121 ji\u0121u inawgurati nhar il-Erbg\u0127a 13 ta\u2019 April 2011 fis-7:30pm mill-Ministru tal-Edukazzjni l-Onor Dolores Cristina u jkunu miftu\u0127a g\u0127all-pubbliku mill-\u0126amis 14 sal-\u0120img\u0127a 22 t\u2019April 2011, mill-10.00 sa 12.00 u mis-18.00 sa l-22.00 (sal-23.00 nhar \u0126amis ix-Xirka). Isiru arran\u0121amenti o\u0127ra g\u0127al gruppi li jikkuntatjawni xi \u0121ranet qabel ma ji\u0121u fuq in-numru: 99838806.<\/p>\n<p style=\"text-align: justify;\">Il-wirjiet fihom ti\u017cwiqa ta\u2019 xog\u0127olijiet artisti\u010bi ppresentati b\u2019effetti vi\u017civi u akkumpanjati minn kummentarji informattivi u mtellg\u0127in b\u2019mod professjonali fuq disinn ta\u2019 Alfred Camlleri Cauchi li \u0127adem ukoll it-tletin statwa kbira (Lifesize) f\u2019dawn il-wirjiet. Huma mqassmin hekk:<\/p>\n<ul>\n<li style=\"text-align: justify;\"><strong>I\u010b-\u010aenaklu<\/strong><\/li>\n<li style=\"text-align: justify;\"><strong>Il-Kru\u010bifissjoni<\/strong><\/li>\n<li style=\"text-align: justify;\"><strong>Id-Difna <\/strong>(ambjentata f\u2019xelter ta\u0127t l-art)<\/li>\n<li style=\"text-align: justify;\"><strong>Sett ta\u2019 vari \u017cg\u0127ar<\/strong><\/li>\n<li style=\"text-align: justify;\"><strong>Sett ta\u2019 xeni mill-Via Crucis <\/strong>(alto-riljevi)<\/li>\n<li style=\"text-align: justify;\"><strong>Il-Qawmien <\/strong>(awdjo-vi\u017civa)<\/li>\n<\/ul>\n<p style=\"text-align: right;\">Kitba: Philip Balzan \u00a9<\/p>\n","protected":false},"excerpt":{"rendered":"<p>Is-sitt wirjiet fil-Ka\u017cin Banda San Filep, 12, Misra\u0127 San Filep, \u0126a\u017c-\u017cebbu\u0121 ji\u0121u inawgurati nhar il-Erbg\u0127a 13 ta\u2019 April 2011 fis-7:30pm mill-Ministru tal-Edukazzjni l-Onor Dolores Cristina u jkunu miftu\u0127a g\u0127all-pubbliku mill-\u0126amis 14 sal-\u0120img\u0127a 22 t\u2019April 2011, mill-10.00 sa 12.00 u mis-18.00 sa l-22.00 (sal-23.00 nhar \u0126amis ix-Xirka). Isiru arran\u0121amenti o\u0127ra g\u0127al gruppi li jikkuntatjawni xi \u0121ranet [&hellip;]<\/p>\n","protected":false},"author":1,"featured_media":780,"comment_status":"closed","ping_status":"open","sticky":false,"template":"single-templates\/single-sidebar-featuredImg-none copy.php","format":"standard","meta":{"footnotes":""},"categories":[5],"tags":[],"class_list":["post-779","post","type-post","status-publish","format-standard","has-post-thumbnail","hentry","category-programmi-specjali-attivitajiet"],"_links":{"self":[{"href":"https:\/\/bandasanfilep.com.mt\/index.php\/wp-json\/wp\/v2\/posts\/779","targetHints":{"allow":["GET"]}}],"collection":[{"href":"https:\/\/bandasanfilep.com.mt\/index.php\/wp-json\/wp\/v2\/posts"}],"about":[{"href":"https:\/\/bandasanfilep.com.mt\/index.php\/wp-json\/wp\/v2\/types\/post"}],"author":[{"embeddable":true,"href":"https:\/\/bandasanfilep.com.mt\/index.php\/wp-json\/wp\/v2\/users\/1"}],"replies":[{"embeddable":true,"href":"https:\/\/bandasanfilep.com.mt\/index.php\/wp-json\/wp\/v2\/comments?post=779"}],"version-history":[{"count":1,"href":"https:\/\/bandasanfilep.com.mt\/index.php\/wp-json\/wp\/v2\/posts\/779\/revisions"}],"predecessor-version":[{"id":6530,"href":"https:\/\/bandasanfilep.com.mt\/index.php\/wp-json\/wp\/v2\/posts\/779\/revisions\/6530"}],"wp:featuredmedia":[{"embeddable":true,"href":"https:\/\/bandasanfilep.com.mt\/index.php\/wp-json\/wp\/v2\/media\/780"}],"wp:attachment":[{"href":"https:\/\/bandasanfilep.com.mt\/index.php\/wp-json\/wp\/v2\/media?parent=779"}],"wp:term":[{"taxonomy":"category","embeddable":true,"href":"https:\/\/bandasanfilep.com.mt\/index.php\/wp-json\/wp\/v2\/categories?post=779"},{"taxonomy":"post_tag","embeddable":true,"href":"https:\/\/bandasanfilep.com.mt\/index.php\/wp-json\/wp\/v2\/tags?post=779"}],"curies":[{"name":"wp","href":"https:\/\/api.w.org\/{rel}","templated":true}]}}