{"id":785,"date":"2015-01-08T23:17:42","date_gmt":"2015-01-08T22:17:42","guid":{"rendered":"http:\/\/www.bandasanfilep.com.mt\/TestSite\/?p=785"},"modified":"2025-07-19T17:23:29","modified_gmt":"2025-07-19T17:23:29","slug":"il-purcissjoni-ta-san-filep-mit-tfal-ta-haz-zebbug","status":"publish","type":"post","link":"https:\/\/bandasanfilep.com.mt\/index.php\/2015\/01\/08\/il-purcissjoni-ta-san-filep-mit-tfal-ta-haz-zebbug\/","title":{"rendered":"Il-Pur\u010bissjoni ta\u2019 San Filep mit-tfal ta\u2019 \u0126a\u017c-\u017bebbu\u0121"},"content":{"rendered":"<figure id=\"attachment_786\" aria-describedby=\"caption-attachment-786\" style=\"width: 185px\" class=\"wp-caption alignright\"><a href=\"http:\/\/www.bandasanfilep.com.mt\/wp-content\/uploads\/2015\/01\/DSCF1080.jpg\"><img loading=\"lazy\" decoding=\"async\" class=\" wp-image-786\" src=\"http:\/\/www.bandasanfilep.com.mt\/wp-content\/uploads\/2015\/01\/DSCF1080-225x300.jpg\" alt=\"Pur\u010bissjoni ta\u2019 San Filep - 2011\" width=\"185\" height=\"253\" \/><\/a><figcaption id=\"caption-attachment-786\" class=\"wp-caption-text\">Pur\u010bissjoni ta\u2019 San Filep &#8211; 2011<\/figcaption><\/figure>\n<p style=\"text-align: justify;\">Wara li g\u0127al aktar minn g\u0127oxrin sena il-Banda San Filep kienet tie\u0127u sehem bil-bandisti tag\u0127ha tal-post f\u2019din il-pur\u010bissjoni li kienet tkun organizzata mill-familja ta\u2019 wie\u0127ed mill-membri tag\u0127ha fi Triq il-Madonna u Misra\u0127 \u0126al Dwin, minn erbg\u0127a snin \u2018l hawn \u0127adha f\u2019idejh il-Klabb Tfal ta\u2019 l-Istilla. Ftit wara li twaqqaf, dan il-klabb fi \u0127dan il-G\u0127aqda Ka\u017cin Banda San Filep,mexxa din il-pur\u010bissjoni g\u0127a\u010b-\u010bentru tar-ra\u0127al u kabbarha billi \u017cied g\u0127add ta\u2019 bandalori \u017cg\u0127ar li jin\u0121arru mit-tfal.<\/p>\n<p style=\"text-align: justify;\">Din is-sena fil-pur\u010bissjoni li saret nhar il-Erbg\u0127a 1 ta&#8217; \u0120unju fis-7:30pm, i\u017c\u017can\u017cnet statwa ta\u2019 San Filep li n\u0127admet fil-fiber fuq disinn ta\u2019 Alfred Magri.<\/p>\n<p style=\"text-align: justify;\">Saru wkoll aktar bandalori u minbarra l-banda ta\u017c-\u017cg\u0127a\u017cag\u0127 dis-sena \u017cdiedet banda \u017cg\u0127ira mag\u0127mula minn aljievi tal-Iskola tal-Mu\u017cika tal-Banda San Filep. Il-bandisti fil-pur\u010bissjoni \u0127a \u0127siebhom b\u0127as-soltu Mro Michael Ciantar, l-g\u0127alliem tat-taqsima ram.<\/p>\n<p style=\"text-align: justify;\">Il-pur\u010bissjoni \u0127ar\u0121et mill-Kappella tad-Duluri u g\u0127addiet minn Triq il-Kbira, Misra\u0127 San Filep u Triq Sciortino qabel ma da\u0127let fil-Ka\u017cin San Filep. Fi tmiem il-pur\u010bissjoni it-tfal telg\u0127u fis-sala Mayfair tal-ka\u017cin fejn ing\u0127ataw santa ta\u2019 San Filep, bibita, kellhom slide-show fuq San Filep u wara xi log\u0127ob. Is-sala kienet imballata bit-tfal u l-\u0121enituri li \u0127adu pja\u010bir jaraw it-tfal tag\u0127hom jie\u0127du gost u jitg\u0127allmu.<\/p>\n<p style=\"text-align: right;\">Kitba: Philip Balzan \u00a9<\/p>\n","protected":false},"excerpt":{"rendered":"<p>Wara li g\u0127al aktar minn g\u0127oxrin sena il-Banda San Filep kienet tie\u0127u sehem bil-bandisti tag\u0127ha tal-post f\u2019din il-pur\u010bissjoni li kienet tkun organizzata mill-familja ta\u2019 wie\u0127ed mill-membri tag\u0127ha fi Triq il-Madonna u Misra\u0127 \u0126al Dwin, minn erbg\u0127a snin \u2018l hawn \u0127adha f\u2019idejh il-Klabb Tfal ta\u2019 l-Istilla. Ftit wara li twaqqaf, dan il-klabb fi \u0127dan il-G\u0127aqda Ka\u017cin [&hellip;]<\/p>\n","protected":false},"author":1,"featured_media":786,"comment_status":"closed","ping_status":"closed","sticky":false,"template":"single-templates\/single-sidebar-featuredImg-none copy.php","format":"standard","meta":{"footnotes":""},"categories":[5],"tags":[],"class_list":["post-785","post","type-post","status-publish","format-standard","has-post-thumbnail","hentry","category-programmi-specjali-attivitajiet"],"_links":{"self":[{"href":"https:\/\/bandasanfilep.com.mt\/index.php\/wp-json\/wp\/v2\/posts\/785","targetHints":{"allow":["GET"]}}],"collection":[{"href":"https:\/\/bandasanfilep.com.mt\/index.php\/wp-json\/wp\/v2\/posts"}],"about":[{"href":"https:\/\/bandasanfilep.com.mt\/index.php\/wp-json\/wp\/v2\/types\/post"}],"author":[{"embeddable":true,"href":"https:\/\/bandasanfilep.com.mt\/index.php\/wp-json\/wp\/v2\/users\/1"}],"replies":[{"embeddable":true,"href":"https:\/\/bandasanfilep.com.mt\/index.php\/wp-json\/wp\/v2\/comments?post=785"}],"version-history":[{"count":1,"href":"https:\/\/bandasanfilep.com.mt\/index.php\/wp-json\/wp\/v2\/posts\/785\/revisions"}],"predecessor-version":[{"id":6132,"href":"https:\/\/bandasanfilep.com.mt\/index.php\/wp-json\/wp\/v2\/posts\/785\/revisions\/6132"}],"wp:featuredmedia":[{"embeddable":true,"href":"https:\/\/bandasanfilep.com.mt\/index.php\/wp-json\/wp\/v2\/media\/786"}],"wp:attachment":[{"href":"https:\/\/bandasanfilep.com.mt\/index.php\/wp-json\/wp\/v2\/media?parent=785"}],"wp:term":[{"taxonomy":"category","embeddable":true,"href":"https:\/\/bandasanfilep.com.mt\/index.php\/wp-json\/wp\/v2\/categories?post=785"},{"taxonomy":"post_tag","embeddable":true,"href":"https:\/\/bandasanfilep.com.mt\/index.php\/wp-json\/wp\/v2\/tags?post=785"}],"curies":[{"name":"wp","href":"https:\/\/api.w.org\/{rel}","templated":true}]}}